{"id":19704,"date":"2023-11-29T14:29:56","date_gmt":"2023-11-29T12:29:56","guid":{"rendered":"https:\/\/podologiaeuskadi.com\/xi-jornada-sobre-violencia-de-genero\/"},"modified":"2023-11-29T14:32:27","modified_gmt":"2023-11-29T12:32:27","slug":"xi-jornada-sobre-violencia-de-genero","status":"publish","type":"post","link":"https:\/\/podologiaeuskadi.com\/eu\/xi-jornada-sobre-violencia-de-genero\/","title":{"rendered":"GENERO-INDARKERIARI BURUZKO XI. JARDUNALDIA"},"content":{"rendered":"\n<div class=\"wp-block-columns is-layout-flex wp-container-core-columns-is-layout-9d6595d7 wp-block-columns-is-layout-flex\">\n<div class=\"wp-block-column is-layout-flow wp-block-column-is-layout-flow\" style=\"flex-basis:100%\">\n<blockquote class=\"wp-block-quote is-layout-flow wp-block-quote-is-layout-flow\">\n<p>Osasunetik, bat egin!<br>Inbertitu emakumeen eta haien seme-alaben<br>kontrako indarkeria prebenitzeko<\/p>\n<\/blockquote>\n<\/div>\n<\/div>\n\n\n<p>Egun Laranjak eta Kanpaina Laranjak iritzi publikoa eta gobernuak mobilizatzea dute helburu, indarkeria ezaren kultura sustatzeko eta ekintza zehatzak abiarazteko.<br \/>Mundu osoan, azaroaren 25ean, Emakumeen aurkako Indarkeria Desagerrarazteko Nazioarteko Eguna ospatzen da, Nazio Batuen Erakundeak 1999an ofizialki ezarri zuena.<br \/>Gaur egun, emakumeek mundu osoan zehar jasaten duten indarkeria ikusarazteko mugimendu hori azaroaren 25ean behin ez ezik, hilaren 25ean behin ere egiten da: Egun Laranja. Egun hori BAT EGIN Kanpaina Laranja izeneko kanpaina handi baten parte da. Kanpaina hori 2008an abiarazi zuen Nazio Batuen Erakundeko idazkari nagusiak emakumeen eta nesken aurkako indarkeria prebenitzearen eta desagerraraztearen inguruko kontzientzia sortzeko.<br \/>Egun Laranjaren helburua iritzi publikoa eta gobernuak mobilizatzea da, indarkeria ezaren kultura sustatzeko eta ekintza zehatzak abiarazteko.<\/p>\n<p><strong><a href=\"https:\/\/www.osakidetza.euskadi.eus\/contenidos\/evento\/cosk_xi_vio_genero_osaki\/es_def\/adjuntos\/Programa-XI-Jornada-violencia-genero.pdf\" target=\"_blank\" rel=\"noopener\">Genero-Indakeriari Buruzko XI. Jardunaldiaren Programa<\/a><\/strong><\/p>","protected":false},"excerpt":{"rendered":"<p>Osasunetik, bat egin!Inbertitu emakumeen eta haien seme-alabenkontrako indarkeria prebenitzeko Egun Laranjak eta Kanpaina Laranjak iritzi publikoa eta gobernuak mobilizatzea dute helburu, indarkeria ezaren kultura sustatzeko eta ekintza zehatzak abiarazteko.Mundu osoan, azaroaren 25ean, Emakumeen aurkako Indarkeria Desagerrarazteko Nazioarteko Eguna ospatzen da, Nazio Batuen Erakundeak 1999an ofizialki ezarri zuena.Gaur egun, emakumeek mundu osoan zehar jasaten duten indarkeria&hellip;<\/p>\n","protected":false},"author":2798,"featured_media":19703,"comment_status":"closed","ping_status":"open","sticky":false,"template":"","format":"standard","meta":{"footnotes":""},"categories":[41],"tags":[],"class_list":["post-19704","post","type-post","status-publish","format-standard","has-post-thumbnail","hentry","category-divulgacion-eu","category-41","description-off"],"yoast_head":"<!-- This site is optimized with the Yoast SEO plugin v27.4 - https:\/\/yoast.com\/product\/yoast-seo-wordpress\/ -->\n<title>GENERO-INDARKERIARI BURUZKO XI. JARDUNALDIA - Colegio Oficial de Podolog\u00eda de Pa\u00eds Vasco<\/title>\n<meta name=\"robots\" content=\"index, follow, max-snippet:-1, max-image-preview:large, max-video-preview:-1\" \/>\n<link rel=\"canonical\" href=\"https:\/\/podologiaeuskadi.com\/eu\/xi-jornada-sobre-violencia-de-genero\/\" \/>\n<meta property=\"og:locale\" content=\"eu_ES\" \/>\n<meta property=\"og:type\" content=\"article\" \/>\n<meta property=\"og:title\" content=\"GENERO-INDARKERIARI BURUZKO XI. JARDUNALDIA - Colegio Oficial de Podolog\u00eda de Pa\u00eds Vasco\" \/>\n<meta property=\"og:description\" content=\"Osasunetik, bat egin!Inbertitu emakumeen eta haien seme-alabenkontrako indarkeria prebenitzeko Egun Laranjak eta Kanpaina Laranjak iritzi publikoa eta gobernuak mobilizatzea dute helburu, indarkeria ezaren kultura sustatzeko eta ekintza zehatzak abiarazteko.Mundu osoan, azaroaren 25ean, Emakumeen aurkako Indarkeria Desagerrarazteko Nazioarteko Eguna ospatzen da, Nazio Batuen Erakundeak 1999an ofizialki ezarri zuena.Gaur egun, emakumeek mundu osoan zehar jasaten duten indarkeria&hellip;\" \/>\n<meta property=\"og:url\" content=\"https:\/\/podologiaeuskadi.com\/eu\/xi-jornada-sobre-violencia-de-genero\/\" \/>\n<meta property=\"og:site_name\" content=\"Colegio Oficial de Podolog\u00eda de Pa\u00eds Vasco\" \/>\n<meta property=\"article:publisher\" content=\"https:\/\/www.facebook.com\/ColegioPodologosEuskadi\/\" \/>\n<meta property=\"article:published_time\" content=\"2023-11-29T12:29:56+00:00\" \/>\n<meta property=\"article:modified_time\" content=\"2023-11-29T12:32:27+00:00\" \/>\n<meta property=\"og:image\" content=\"https:\/\/podologiaeuskadi.com\/wp-content\/uploads\/2023\/11\/XI-Jornada-Contra-VG.jpg\" \/>\n\t<meta property=\"og:image:width\" content=\"1644\" \/>\n\t<meta property=\"og:image:height\" content=\"822\" \/>\n\t<meta property=\"og:image:type\" content=\"image\/jpeg\" \/>\n<meta name=\"author\" content=\"Itziar\" \/>\n<meta name=\"twitter:card\" content=\"summary_large_image\" \/>\n<meta name=\"twitter:creator\" content=\"@CPodologos\" \/>\n<meta name=\"twitter:site\" content=\"@CPodologos\" \/>\n<meta name=\"twitter:label1\" content=\"Written by\" \/>\n\t<meta name=\"twitter:data1\" content=\"Itziar\" \/>\n\t<meta name=\"twitter:label2\" content=\"Est. reading time\" \/>\n\t<meta name=\"twitter:data2\" content=\"1 minute\" \/>\n<script type=\"application\/ld+json\" class=\"yoast-schema-graph\">{\"@context\":\"https:\\\/\\\/schema.org\",\"@graph\":[{\"@type\":\"Article\",\"@id\":\"https:\\\/\\\/podologiaeuskadi.com\\\/eu\\\/xi-jornada-sobre-violencia-de-genero\\\/#article\",\"isPartOf\":{\"@id\":\"https:\\\/\\\/podologiaeuskadi.com\\\/eu\\\/xi-jornada-sobre-violencia-de-genero\\\/\"},\"author\":{\"name\":\"Itziar\",\"@id\":\"https:\\\/\\\/podologiaeuskadi.com\\\/#\\\/schema\\\/person\\\/1d78605bc1739dd0e1a6712e3ee9df5e\"},\"headline\":\"GENERO-INDARKERIARI BURUZKO XI. JARDUNALDIA\",\"datePublished\":\"2023-11-29T12:29:56+00:00\",\"dateModified\":\"2023-11-29T12:32:27+00:00\",\"mainEntityOfPage\":{\"@id\":\"https:\\\/\\\/podologiaeuskadi.com\\\/eu\\\/xi-jornada-sobre-violencia-de-genero\\\/\"},\"wordCount\":133,\"publisher\":{\"@id\":\"https:\\\/\\\/podologiaeuskadi.com\\\/#organization\"},\"image\":{\"@id\":\"https:\\\/\\\/podologiaeuskadi.com\\\/eu\\\/xi-jornada-sobre-violencia-de-genero\\\/#primaryimage\"},\"thumbnailUrl\":\"https:\\\/\\\/podologiaeuskadi.com\\\/wp-content\\\/uploads\\\/2023\\\/11\\\/XI-Jornada-Contra-VG.jpg\",\"articleSection\":[\"Dibulgazioa\"],\"inLanguage\":\"eu-ES\"},{\"@type\":\"WebPage\",\"@id\":\"https:\\\/\\\/podologiaeuskadi.com\\\/eu\\\/xi-jornada-sobre-violencia-de-genero\\\/\",\"url\":\"https:\\\/\\\/podologiaeuskadi.com\\\/eu\\\/xi-jornada-sobre-violencia-de-genero\\\/\",\"name\":\"GENERO-INDARKERIARI BURUZKO XI. JARDUNALDIA - Colegio Oficial de Podolog\u00eda de Pa\u00eds Vasco\",\"isPartOf\":{\"@id\":\"https:\\\/\\\/podologiaeuskadi.com\\\/#website\"},\"primaryImageOfPage\":{\"@id\":\"https:\\\/\\\/podologiaeuskadi.com\\\/eu\\\/xi-jornada-sobre-violencia-de-genero\\\/#primaryimage\"},\"image\":{\"@id\":\"https:\\\/\\\/podologiaeuskadi.com\\\/eu\\\/xi-jornada-sobre-violencia-de-genero\\\/#primaryimage\"},\"thumbnailUrl\":\"https:\\\/\\\/podologiaeuskadi.com\\\/wp-content\\\/uploads\\\/2023\\\/11\\\/XI-Jornada-Contra-VG.jpg\",\"datePublished\":\"2023-11-29T12:29:56+00:00\",\"dateModified\":\"2023-11-29T12:32:27+00:00\",\"breadcrumb\":{\"@id\":\"https:\\\/\\\/podologiaeuskadi.com\\\/eu\\\/xi-jornada-sobre-violencia-de-genero\\\/#breadcrumb\"},\"inLanguage\":\"eu-ES\",\"potentialAction\":[{\"@type\":\"ReadAction\",\"target\":[\"https:\\\/\\\/podologiaeuskadi.com\\\/eu\\\/xi-jornada-sobre-violencia-de-genero\\\/\"]}]},{\"@type\":\"ImageObject\",\"inLanguage\":\"eu-ES\",\"@id\":\"https:\\\/\\\/podologiaeuskadi.com\\\/eu\\\/xi-jornada-sobre-violencia-de-genero\\\/#primaryimage\",\"url\":\"https:\\\/\\\/podologiaeuskadi.com\\\/wp-content\\\/uploads\\\/2023\\\/11\\\/XI-Jornada-Contra-VG.jpg\",\"contentUrl\":\"https:\\\/\\\/podologiaeuskadi.com\\\/wp-content\\\/uploads\\\/2023\\\/11\\\/XI-Jornada-Contra-VG.jpg\",\"width\":1644,\"height\":822},{\"@type\":\"BreadcrumbList\",\"@id\":\"https:\\\/\\\/podologiaeuskadi.com\\\/eu\\\/xi-jornada-sobre-violencia-de-genero\\\/#breadcrumb\",\"itemListElement\":[{\"@type\":\"ListItem\",\"position\":1,\"name\":\"Portada\",\"item\":\"https:\\\/\\\/podologiaeuskadi.com\\\/eu\\\/\"},{\"@type\":\"ListItem\",\"position\":2,\"name\":\"GENERO-INDARKERIARI BURUZKO XI. JARDUNALDIA\"}]},{\"@type\":\"WebSite\",\"@id\":\"https:\\\/\\\/podologiaeuskadi.com\\\/#website\",\"url\":\"https:\\\/\\\/podologiaeuskadi.com\\\/\",\"name\":\"Colegio Oficial de Pod\u00f3logos del Pa\u00eds Vasco\",\"description\":\"Colegio Oficial de Podolog\u00eda de Pa\u00eds Vasco\",\"publisher\":{\"@id\":\"https:\\\/\\\/podologiaeuskadi.com\\\/#organization\"},\"potentialAction\":[{\"@type\":\"SearchAction\",\"target\":{\"@type\":\"EntryPoint\",\"urlTemplate\":\"https:\\\/\\\/podologiaeuskadi.com\\\/?s={search_term_string}\"},\"query-input\":{\"@type\":\"PropertyValueSpecification\",\"valueRequired\":true,\"valueName\":\"search_term_string\"}}],\"inLanguage\":\"eu-ES\"},{\"@type\":\"Organization\",\"@id\":\"https:\\\/\\\/podologiaeuskadi.com\\\/#organization\",\"name\":\"Colegio Oficial de Pod\u00f3logos del Pa\u00eds Vasco\",\"url\":\"https:\\\/\\\/podologiaeuskadi.com\\\/\",\"logo\":{\"@type\":\"ImageObject\",\"inLanguage\":\"eu-ES\",\"@id\":\"https:\\\/\\\/podologiaeuskadi.com\\\/#\\\/schema\\\/logo\\\/image\\\/\",\"url\":\"https:\\\/\\\/podologiaeuskadi.com\\\/wp-content\\\/uploads\\\/2024\\\/04\\\/240423-col-podologos-2.jpg\",\"contentUrl\":\"https:\\\/\\\/podologiaeuskadi.com\\\/wp-content\\\/uploads\\\/2024\\\/04\\\/240423-col-podologos-2.jpg\",\"width\":1660,\"height\":822,\"caption\":\"Colegio Oficial de Pod\u00f3logos del Pa\u00eds Vasco\"},\"image\":{\"@id\":\"https:\\\/\\\/podologiaeuskadi.com\\\/#\\\/schema\\\/logo\\\/image\\\/\"},\"sameAs\":[\"https:\\\/\\\/www.facebook.com\\\/ColegioPodologosEuskadi\\\/\",\"https:\\\/\\\/x.com\\\/CPodologos\",\"https:\\\/\\\/www.youtube.com\\\/@colegiopodologosdelpaisvas9357\"]},{\"@type\":\"Person\",\"@id\":\"https:\\\/\\\/podologiaeuskadi.com\\\/#\\\/schema\\\/person\\\/1d78605bc1739dd0e1a6712e3ee9df5e\",\"name\":\"Itziar\",\"image\":{\"@type\":\"ImageObject\",\"inLanguage\":\"eu-ES\",\"@id\":\"https:\\\/\\\/secure.gravatar.com\\\/avatar\\\/df06620d5d9f4f2c716236a5da0f69512929d231b1d2d3c95016f3c1d6937f01?s=96&d=mm&r=g\",\"url\":\"https:\\\/\\\/secure.gravatar.com\\\/avatar\\\/df06620d5d9f4f2c716236a5da0f69512929d231b1d2d3c95016f3c1d6937f01?s=96&d=mm&r=g\",\"contentUrl\":\"https:\\\/\\\/secure.gravatar.com\\\/avatar\\\/df06620d5d9f4f2c716236a5da0f69512929d231b1d2d3c95016f3c1d6937f01?s=96&d=mm&r=g\",\"caption\":\"Itziar\"},\"url\":\"https:\\\/\\\/podologiaeuskadi.com\\\/eu\\\/author\\\/coppv-epe\\\/\"}]}<\/script>\n<!-- \/ Yoast SEO plugin. -->","yoast_head_json":{"title":"GENERO-INDARKERIARI BURUZKO XI. JARDUNALDIA - Colegio Oficial de Podolog\u00eda de Pa\u00eds Vasco","robots":{"index":"index","follow":"follow","max-snippet":"max-snippet:-1","max-image-preview":"max-image-preview:large","max-video-preview":"max-video-preview:-1"},"canonical":"https:\/\/podologiaeuskadi.com\/eu\/xi-jornada-sobre-violencia-de-genero\/","og_locale":"eu_ES","og_type":"article","og_title":"GENERO-INDARKERIARI BURUZKO XI. JARDUNALDIA - Colegio Oficial de Podolog\u00eda de Pa\u00eds Vasco","og_description":"Osasunetik, bat egin!Inbertitu emakumeen eta haien seme-alabenkontrako indarkeria prebenitzeko Egun Laranjak eta Kanpaina Laranjak iritzi publikoa eta gobernuak mobilizatzea dute helburu, indarkeria ezaren kultura sustatzeko eta ekintza zehatzak abiarazteko.Mundu osoan, azaroaren 25ean, Emakumeen aurkako Indarkeria Desagerrarazteko Nazioarteko Eguna ospatzen da, Nazio Batuen Erakundeak 1999an ofizialki ezarri zuena.Gaur egun, emakumeek mundu osoan zehar jasaten duten indarkeria&hellip;","og_url":"https:\/\/podologiaeuskadi.com\/eu\/xi-jornada-sobre-violencia-de-genero\/","og_site_name":"Colegio Oficial de Podolog\u00eda de Pa\u00eds Vasco","article_publisher":"https:\/\/www.facebook.com\/ColegioPodologosEuskadi\/","article_published_time":"2023-11-29T12:29:56+00:00","article_modified_time":"2023-11-29T12:32:27+00:00","og_image":[{"width":1644,"height":822,"url":"https:\/\/podologiaeuskadi.com\/wp-content\/uploads\/2023\/11\/XI-Jornada-Contra-VG.jpg","type":"image\/jpeg"}],"author":"Itziar","twitter_card":"summary_large_image","twitter_creator":"@CPodologos","twitter_site":"@CPodologos","twitter_misc":{"Written by":"Itziar","Est. reading time":"1 minute"},"schema":{"@context":"https:\/\/schema.org","@graph":[{"@type":"Article","@id":"https:\/\/podologiaeuskadi.com\/eu\/xi-jornada-sobre-violencia-de-genero\/#article","isPartOf":{"@id":"https:\/\/podologiaeuskadi.com\/eu\/xi-jornada-sobre-violencia-de-genero\/"},"author":{"name":"Itziar","@id":"https:\/\/podologiaeuskadi.com\/#\/schema\/person\/1d78605bc1739dd0e1a6712e3ee9df5e"},"headline":"GENERO-INDARKERIARI BURUZKO XI. JARDUNALDIA","datePublished":"2023-11-29T12:29:56+00:00","dateModified":"2023-11-29T12:32:27+00:00","mainEntityOfPage":{"@id":"https:\/\/podologiaeuskadi.com\/eu\/xi-jornada-sobre-violencia-de-genero\/"},"wordCount":133,"publisher":{"@id":"https:\/\/podologiaeuskadi.com\/#organization"},"image":{"@id":"https:\/\/podologiaeuskadi.com\/eu\/xi-jornada-sobre-violencia-de-genero\/#primaryimage"},"thumbnailUrl":"https:\/\/podologiaeuskadi.com\/wp-content\/uploads\/2023\/11\/XI-Jornada-Contra-VG.jpg","articleSection":["Dibulgazioa"],"inLanguage":"eu-ES"},{"@type":"WebPage","@id":"https:\/\/podologiaeuskadi.com\/eu\/xi-jornada-sobre-violencia-de-genero\/","url":"https:\/\/podologiaeuskadi.com\/eu\/xi-jornada-sobre-violencia-de-genero\/","name":"GENERO-INDARKERIARI BURUZKO XI. JARDUNALDIA - Colegio Oficial de Podolog\u00eda de Pa\u00eds Vasco","isPartOf":{"@id":"https:\/\/podologiaeuskadi.com\/#website"},"primaryImageOfPage":{"@id":"https:\/\/podologiaeuskadi.com\/eu\/xi-jornada-sobre-violencia-de-genero\/#primaryimage"},"image":{"@id":"https:\/\/podologiaeuskadi.com\/eu\/xi-jornada-sobre-violencia-de-genero\/#primaryimage"},"thumbnailUrl":"https:\/\/podologiaeuskadi.com\/wp-content\/uploads\/2023\/11\/XI-Jornada-Contra-VG.jpg","datePublished":"2023-11-29T12:29:56+00:00","dateModified":"2023-11-29T12:32:27+00:00","breadcrumb":{"@id":"https:\/\/podologiaeuskadi.com\/eu\/xi-jornada-sobre-violencia-de-genero\/#breadcrumb"},"inLanguage":"eu-ES","potentialAction":[{"@type":"ReadAction","target":["https:\/\/podologiaeuskadi.com\/eu\/xi-jornada-sobre-violencia-de-genero\/"]}]},{"@type":"ImageObject","inLanguage":"eu-ES","@id":"https:\/\/podologiaeuskadi.com\/eu\/xi-jornada-sobre-violencia-de-genero\/#primaryimage","url":"https:\/\/podologiaeuskadi.com\/wp-content\/uploads\/2023\/11\/XI-Jornada-Contra-VG.jpg","contentUrl":"https:\/\/podologiaeuskadi.com\/wp-content\/uploads\/2023\/11\/XI-Jornada-Contra-VG.jpg","width":1644,"height":822},{"@type":"BreadcrumbList","@id":"https:\/\/podologiaeuskadi.com\/eu\/xi-jornada-sobre-violencia-de-genero\/#breadcrumb","itemListElement":[{"@type":"ListItem","position":1,"name":"Portada","item":"https:\/\/podologiaeuskadi.com\/eu\/"},{"@type":"ListItem","position":2,"name":"GENERO-INDARKERIARI BURUZKO XI. JARDUNALDIA"}]},{"@type":"WebSite","@id":"https:\/\/podologiaeuskadi.com\/#website","url":"https:\/\/podologiaeuskadi.com\/","name":"Colegio Oficial de Pod\u00f3logos del Pa\u00eds Vasco","description":"Colegio Oficial de Podolog\u00eda de Pa\u00eds Vasco","publisher":{"@id":"https:\/\/podologiaeuskadi.com\/#organization"},"potentialAction":[{"@type":"SearchAction","target":{"@type":"EntryPoint","urlTemplate":"https:\/\/podologiaeuskadi.com\/?s={search_term_string}"},"query-input":{"@type":"PropertyValueSpecification","valueRequired":true,"valueName":"search_term_string"}}],"inLanguage":"eu-ES"},{"@type":"Organization","@id":"https:\/\/podologiaeuskadi.com\/#organization","name":"Colegio Oficial de Pod\u00f3logos del Pa\u00eds Vasco","url":"https:\/\/podologiaeuskadi.com\/","logo":{"@type":"ImageObject","inLanguage":"eu-ES","@id":"https:\/\/podologiaeuskadi.com\/#\/schema\/logo\/image\/","url":"https:\/\/podologiaeuskadi.com\/wp-content\/uploads\/2024\/04\/240423-col-podologos-2.jpg","contentUrl":"https:\/\/podologiaeuskadi.com\/wp-content\/uploads\/2024\/04\/240423-col-podologos-2.jpg","width":1660,"height":822,"caption":"Colegio Oficial de Pod\u00f3logos del Pa\u00eds Vasco"},"image":{"@id":"https:\/\/podologiaeuskadi.com\/#\/schema\/logo\/image\/"},"sameAs":["https:\/\/www.facebook.com\/ColegioPodologosEuskadi\/","https:\/\/x.com\/CPodologos","https:\/\/www.youtube.com\/@colegiopodologosdelpaisvas9357"]},{"@type":"Person","@id":"https:\/\/podologiaeuskadi.com\/#\/schema\/person\/1d78605bc1739dd0e1a6712e3ee9df5e","name":"Itziar","image":{"@type":"ImageObject","inLanguage":"eu-ES","@id":"https:\/\/secure.gravatar.com\/avatar\/df06620d5d9f4f2c716236a5da0f69512929d231b1d2d3c95016f3c1d6937f01?s=96&d=mm&r=g","url":"https:\/\/secure.gravatar.com\/avatar\/df06620d5d9f4f2c716236a5da0f69512929d231b1d2d3c95016f3c1d6937f01?s=96&d=mm&r=g","contentUrl":"https:\/\/secure.gravatar.com\/avatar\/df06620d5d9f4f2c716236a5da0f69512929d231b1d2d3c95016f3c1d6937f01?s=96&d=mm&r=g","caption":"Itziar"},"url":"https:\/\/podologiaeuskadi.com\/eu\/author\/coppv-epe\/"}]}},"_links":{"self":[{"href":"https:\/\/podologiaeuskadi.com\/eu\/wp-json\/wp\/v2\/posts\/19704","targetHints":{"allow":["GET"]}}],"collection":[{"href":"https:\/\/podologiaeuskadi.com\/eu\/wp-json\/wp\/v2\/posts"}],"about":[{"href":"https:\/\/podologiaeuskadi.com\/eu\/wp-json\/wp\/v2\/types\/post"}],"author":[{"embeddable":true,"href":"https:\/\/podologiaeuskadi.com\/eu\/wp-json\/wp\/v2\/users\/2798"}],"replies":[{"embeddable":true,"href":"https:\/\/podologiaeuskadi.com\/eu\/wp-json\/wp\/v2\/comments?post=19704"}],"version-history":[{"count":2,"href":"https:\/\/podologiaeuskadi.com\/eu\/wp-json\/wp\/v2\/posts\/19704\/revisions"}],"predecessor-version":[{"id":19707,"href":"https:\/\/podologiaeuskadi.com\/eu\/wp-json\/wp\/v2\/posts\/19704\/revisions\/19707"}],"wp:featuredmedia":[{"embeddable":true,"href":"https:\/\/podologiaeuskadi.com\/eu\/wp-json\/wp\/v2\/media\/19703"}],"wp:attachment":[{"href":"https:\/\/podologiaeuskadi.com\/eu\/wp-json\/wp\/v2\/media?parent=19704"}],"wp:term":[{"taxonomy":"category","embeddable":true,"href":"https:\/\/podologiaeuskadi.com\/eu\/wp-json\/wp\/v2\/categories?post=19704"},{"taxonomy":"post_tag","embeddable":true,"href":"https:\/\/podologiaeuskadi.com\/eu\/wp-json\/wp\/v2\/tags?post=19704"}],"curies":[{"name":"wp","href":"https:\/\/api.w.org\/{rel}","templated":true}]}}