{"id":22183,"date":"2025-11-04T11:17:46","date_gmt":"2025-11-04T09:17:46","guid":{"rendered":"https:\/\/podologiaeuskadi.com\/podologoa-behar-da-bermeo\/"},"modified":"2025-11-05T10:20:40","modified_gmt":"2025-11-05T08:20:40","slug":"podologoa-behar-da-bermeo","status":"publish","type":"post","link":"https:\/\/podologiaeuskadi.com\/eu\/podologoa-behar-da-bermeo\/","title":{"rendered":"Podologoa behar da -Bermeo"},"content":{"rendered":"<h4 style=\"text-align: left;\"><span style=\"color: #761d33;\">Podologoa Berhar da &#8211; Bermeo<\/span><\/h4>\n<p>Podologoa behar da <span style=\"color: #761d33;\"><strong>Bermeoko<\/strong><\/span> klinika podologikoan <u>lanaldi partzialean edo osoan<\/u> lan egiteko.<\/p>\n<p>Interesdunek CVa hona bidali behar dute:<\/p>\n<p><span style=\"color: #761d33;\"><a style=\"color: #761d33;\" href=\"mailto:podoklinika.bermeo@gmail.com\" target=\"_blank\" rel=\"noopener\" data-cke-saved-href=\"mailto:podoklinika.bermeo@hotmail.com\"><span style=\"font-family: arial, helvetica neue, helvetica, sans-serif;\">podoklinika.bermeo@gmail.com<\/span><\/a><\/span><\/p>\n\n\n<p><\/p>\n","protected":false},"excerpt":{"rendered":"<p>Podologoa Berhar da &#8211; Bermeo Podologoa behar da Bermeoko klinika podologikoan lanaldi partzialean edo osoan lan egiteko. Interesdunek CVa hona bidali behar dute: podoklinika.bermeo@gmail.com<\/p>\n","protected":false},"author":2798,"featured_media":22181,"comment_status":"closed","ping_status":"open","sticky":false,"template":"","format":"standard","meta":{"footnotes":""},"categories":[37],"tags":[],"class_list":["post-22183","post","type-post","status-publish","format-standard","has-post-thumbnail","hentry","category-ofertas-de-empleo-eu","category-37","description-off"],"yoast_head":"<!-- This site is optimized with the Yoast SEO plugin v27.4 - https:\/\/yoast.com\/product\/yoast-seo-wordpress\/ -->\n<title>Podologoa behar da -Bermeo - Colegio Oficial de Podolog\u00eda de Pa\u00eds Vasco<\/title>\n<meta name=\"robots\" content=\"index, follow, max-snippet:-1, max-image-preview:large, max-video-preview:-1\" \/>\n<link rel=\"canonical\" href=\"https:\/\/podologiaeuskadi.com\/eu\/podologoa-behar-da-bermeo\/\" \/>\n<meta property=\"og:locale\" content=\"eu_ES\" \/>\n<meta property=\"og:type\" content=\"article\" \/>\n<meta property=\"og:title\" content=\"Podologoa behar da -Bermeo - Colegio Oficial de Podolog\u00eda de Pa\u00eds Vasco\" \/>\n<meta property=\"og:description\" content=\"Podologoa Berhar da &#8211; Bermeo Podologoa behar da Bermeoko klinika podologikoan lanaldi partzialean edo osoan lan egiteko. Interesdunek CVa hona bidali behar dute: podoklinika.bermeo@gmail.com\" \/>\n<meta property=\"og:url\" content=\"https:\/\/podologiaeuskadi.com\/eu\/podologoa-behar-da-bermeo\/\" \/>\n<meta property=\"og:site_name\" content=\"Colegio Oficial de Podolog\u00eda de Pa\u00eds Vasco\" \/>\n<meta property=\"article:publisher\" content=\"https:\/\/www.facebook.com\/ColegioPodologosEuskadi\/\" \/>\n<meta property=\"article:published_time\" content=\"2025-11-04T09:17:46+00:00\" \/>\n<meta property=\"article:modified_time\" content=\"2025-11-05T08:20:40+00:00\" \/>\n<meta property=\"og:image\" content=\"https:\/\/podologiaeuskadi.com\/wp-content\/uploads\/2025\/11\/Bermeo1.jpg\" \/>\n\t<meta property=\"og:image:width\" content=\"310\" \/>\n\t<meta property=\"og:image:height\" content=\"243\" \/>\n\t<meta property=\"og:image:type\" content=\"image\/jpeg\" \/>\n<meta name=\"author\" content=\"Itziar\" \/>\n<meta name=\"twitter:card\" content=\"summary_large_image\" \/>\n<meta name=\"twitter:creator\" content=\"@CPodologos\" \/>\n<meta name=\"twitter:site\" content=\"@CPodologos\" \/>\n<meta name=\"twitter:label1\" content=\"Written by\" \/>\n\t<meta name=\"twitter:data1\" content=\"Itziar\" \/>\n\t<meta name=\"twitter:label2\" content=\"Est. reading time\" \/>\n\t<meta name=\"twitter:data2\" content=\"1 minute\" \/>\n<script type=\"application\/ld+json\" class=\"yoast-schema-graph\">{\"@context\":\"https:\\\/\\\/schema.org\",\"@graph\":[{\"@type\":\"Article\",\"@id\":\"https:\\\/\\\/podologiaeuskadi.com\\\/eu\\\/podologoa-behar-da-bermeo\\\/#article\",\"isPartOf\":{\"@id\":\"https:\\\/\\\/podologiaeuskadi.com\\\/eu\\\/podologoa-behar-da-bermeo\\\/\"},\"author\":{\"name\":\"Itziar\",\"@id\":\"https:\\\/\\\/podologiaeuskadi.com\\\/#\\\/schema\\\/person\\\/1d78605bc1739dd0e1a6712e3ee9df5e\"},\"headline\":\"Podologoa behar da -Bermeo\",\"datePublished\":\"2025-11-04T09:17:46+00:00\",\"dateModified\":\"2025-11-05T08:20:40+00:00\",\"mainEntityOfPage\":{\"@id\":\"https:\\\/\\\/podologiaeuskadi.com\\\/eu\\\/podologoa-behar-da-bermeo\\\/\"},\"wordCount\":31,\"publisher\":{\"@id\":\"https:\\\/\\\/podologiaeuskadi.com\\\/#organization\"},\"image\":{\"@id\":\"https:\\\/\\\/podologiaeuskadi.com\\\/eu\\\/podologoa-behar-da-bermeo\\\/#primaryimage\"},\"thumbnailUrl\":\"https:\\\/\\\/podologiaeuskadi.com\\\/wp-content\\\/uploads\\\/2025\\\/11\\\/Bermeo1.jpg\",\"articleSection\":[\"Lan Eskaintza\"],\"inLanguage\":\"eu-ES\"},{\"@type\":\"WebPage\",\"@id\":\"https:\\\/\\\/podologiaeuskadi.com\\\/eu\\\/podologoa-behar-da-bermeo\\\/\",\"url\":\"https:\\\/\\\/podologiaeuskadi.com\\\/eu\\\/podologoa-behar-da-bermeo\\\/\",\"name\":\"Podologoa behar da -Bermeo - Colegio Oficial de Podolog\u00eda de Pa\u00eds Vasco\",\"isPartOf\":{\"@id\":\"https:\\\/\\\/podologiaeuskadi.com\\\/#website\"},\"primaryImageOfPage\":{\"@id\":\"https:\\\/\\\/podologiaeuskadi.com\\\/eu\\\/podologoa-behar-da-bermeo\\\/#primaryimage\"},\"image\":{\"@id\":\"https:\\\/\\\/podologiaeuskadi.com\\\/eu\\\/podologoa-behar-da-bermeo\\\/#primaryimage\"},\"thumbnailUrl\":\"https:\\\/\\\/podologiaeuskadi.com\\\/wp-content\\\/uploads\\\/2025\\\/11\\\/Bermeo1.jpg\",\"datePublished\":\"2025-11-04T09:17:46+00:00\",\"dateModified\":\"2025-11-05T08:20:40+00:00\",\"breadcrumb\":{\"@id\":\"https:\\\/\\\/podologiaeuskadi.com\\\/eu\\\/podologoa-behar-da-bermeo\\\/#breadcrumb\"},\"inLanguage\":\"eu-ES\",\"potentialAction\":[{\"@type\":\"ReadAction\",\"target\":[\"https:\\\/\\\/podologiaeuskadi.com\\\/eu\\\/podologoa-behar-da-bermeo\\\/\"]}]},{\"@type\":\"ImageObject\",\"inLanguage\":\"eu-ES\",\"@id\":\"https:\\\/\\\/podologiaeuskadi.com\\\/eu\\\/podologoa-behar-da-bermeo\\\/#primaryimage\",\"url\":\"https:\\\/\\\/podologiaeuskadi.com\\\/wp-content\\\/uploads\\\/2025\\\/11\\\/Bermeo1.jpg\",\"contentUrl\":\"https:\\\/\\\/podologiaeuskadi.com\\\/wp-content\\\/uploads\\\/2025\\\/11\\\/Bermeo1.jpg\",\"width\":310,\"height\":243},{\"@type\":\"BreadcrumbList\",\"@id\":\"https:\\\/\\\/podologiaeuskadi.com\\\/eu\\\/podologoa-behar-da-bermeo\\\/#breadcrumb\",\"itemListElement\":[{\"@type\":\"ListItem\",\"position\":1,\"name\":\"Portada\",\"item\":\"https:\\\/\\\/podologiaeuskadi.com\\\/eu\\\/\"},{\"@type\":\"ListItem\",\"position\":2,\"name\":\"Podologoa behar da -Bermeo\"}]},{\"@type\":\"WebSite\",\"@id\":\"https:\\\/\\\/podologiaeuskadi.com\\\/#website\",\"url\":\"https:\\\/\\\/podologiaeuskadi.com\\\/\",\"name\":\"Colegio Oficial de Pod\u00f3logos del Pa\u00eds Vasco\",\"description\":\"Colegio Oficial de Podolog\u00eda de Pa\u00eds Vasco\",\"publisher\":{\"@id\":\"https:\\\/\\\/podologiaeuskadi.com\\\/#organization\"},\"potentialAction\":[{\"@type\":\"SearchAction\",\"target\":{\"@type\":\"EntryPoint\",\"urlTemplate\":\"https:\\\/\\\/podologiaeuskadi.com\\\/?s={search_term_string}\"},\"query-input\":{\"@type\":\"PropertyValueSpecification\",\"valueRequired\":true,\"valueName\":\"search_term_string\"}}],\"inLanguage\":\"eu-ES\"},{\"@type\":\"Organization\",\"@id\":\"https:\\\/\\\/podologiaeuskadi.com\\\/#organization\",\"name\":\"Colegio Oficial de Pod\u00f3logos del Pa\u00eds Vasco\",\"url\":\"https:\\\/\\\/podologiaeuskadi.com\\\/\",\"logo\":{\"@type\":\"ImageObject\",\"inLanguage\":\"eu-ES\",\"@id\":\"https:\\\/\\\/podologiaeuskadi.com\\\/#\\\/schema\\\/logo\\\/image\\\/\",\"url\":\"https:\\\/\\\/podologiaeuskadi.com\\\/wp-content\\\/uploads\\\/2024\\\/04\\\/240423-col-podologos-2.jpg\",\"contentUrl\":\"https:\\\/\\\/podologiaeuskadi.com\\\/wp-content\\\/uploads\\\/2024\\\/04\\\/240423-col-podologos-2.jpg\",\"width\":1660,\"height\":822,\"caption\":\"Colegio Oficial de Pod\u00f3logos del Pa\u00eds Vasco\"},\"image\":{\"@id\":\"https:\\\/\\\/podologiaeuskadi.com\\\/#\\\/schema\\\/logo\\\/image\\\/\"},\"sameAs\":[\"https:\\\/\\\/www.facebook.com\\\/ColegioPodologosEuskadi\\\/\",\"https:\\\/\\\/x.com\\\/CPodologos\",\"https:\\\/\\\/www.youtube.com\\\/@colegiopodologosdelpaisvas9357\"]},{\"@type\":\"Person\",\"@id\":\"https:\\\/\\\/podologiaeuskadi.com\\\/#\\\/schema\\\/person\\\/1d78605bc1739dd0e1a6712e3ee9df5e\",\"name\":\"Itziar\",\"image\":{\"@type\":\"ImageObject\",\"inLanguage\":\"eu-ES\",\"@id\":\"https:\\\/\\\/secure.gravatar.com\\\/avatar\\\/df06620d5d9f4f2c716236a5da0f69512929d231b1d2d3c95016f3c1d6937f01?s=96&d=mm&r=g\",\"url\":\"https:\\\/\\\/secure.gravatar.com\\\/avatar\\\/df06620d5d9f4f2c716236a5da0f69512929d231b1d2d3c95016f3c1d6937f01?s=96&d=mm&r=g\",\"contentUrl\":\"https:\\\/\\\/secure.gravatar.com\\\/avatar\\\/df06620d5d9f4f2c716236a5da0f69512929d231b1d2d3c95016f3c1d6937f01?s=96&d=mm&r=g\",\"caption\":\"Itziar\"},\"url\":\"https:\\\/\\\/podologiaeuskadi.com\\\/eu\\\/author\\\/coppv-epe\\\/\"}]}<\/script>\n<!-- \/ Yoast SEO plugin. -->","yoast_head_json":{"title":"Podologoa behar da -Bermeo - Colegio Oficial de Podolog\u00eda de Pa\u00eds Vasco","robots":{"index":"index","follow":"follow","max-snippet":"max-snippet:-1","max-image-preview":"max-image-preview:large","max-video-preview":"max-video-preview:-1"},"canonical":"https:\/\/podologiaeuskadi.com\/eu\/podologoa-behar-da-bermeo\/","og_locale":"eu_ES","og_type":"article","og_title":"Podologoa behar da -Bermeo - Colegio Oficial de Podolog\u00eda de Pa\u00eds Vasco","og_description":"Podologoa Berhar da &#8211; Bermeo Podologoa behar da Bermeoko klinika podologikoan lanaldi partzialean edo osoan lan egiteko. Interesdunek CVa hona bidali behar dute: podoklinika.bermeo@gmail.com","og_url":"https:\/\/podologiaeuskadi.com\/eu\/podologoa-behar-da-bermeo\/","og_site_name":"Colegio Oficial de Podolog\u00eda de Pa\u00eds Vasco","article_publisher":"https:\/\/www.facebook.com\/ColegioPodologosEuskadi\/","article_published_time":"2025-11-04T09:17:46+00:00","article_modified_time":"2025-11-05T08:20:40+00:00","og_image":[{"width":310,"height":243,"url":"https:\/\/podologiaeuskadi.com\/wp-content\/uploads\/2025\/11\/Bermeo1.jpg","type":"image\/jpeg"}],"author":"Itziar","twitter_card":"summary_large_image","twitter_creator":"@CPodologos","twitter_site":"@CPodologos","twitter_misc":{"Written by":"Itziar","Est. reading time":"1 minute"},"schema":{"@context":"https:\/\/schema.org","@graph":[{"@type":"Article","@id":"https:\/\/podologiaeuskadi.com\/eu\/podologoa-behar-da-bermeo\/#article","isPartOf":{"@id":"https:\/\/podologiaeuskadi.com\/eu\/podologoa-behar-da-bermeo\/"},"author":{"name":"Itziar","@id":"https:\/\/podologiaeuskadi.com\/#\/schema\/person\/1d78605bc1739dd0e1a6712e3ee9df5e"},"headline":"Podologoa behar da -Bermeo","datePublished":"2025-11-04T09:17:46+00:00","dateModified":"2025-11-05T08:20:40+00:00","mainEntityOfPage":{"@id":"https:\/\/podologiaeuskadi.com\/eu\/podologoa-behar-da-bermeo\/"},"wordCount":31,"publisher":{"@id":"https:\/\/podologiaeuskadi.com\/#organization"},"image":{"@id":"https:\/\/podologiaeuskadi.com\/eu\/podologoa-behar-da-bermeo\/#primaryimage"},"thumbnailUrl":"https:\/\/podologiaeuskadi.com\/wp-content\/uploads\/2025\/11\/Bermeo1.jpg","articleSection":["Lan Eskaintza"],"inLanguage":"eu-ES"},{"@type":"WebPage","@id":"https:\/\/podologiaeuskadi.com\/eu\/podologoa-behar-da-bermeo\/","url":"https:\/\/podologiaeuskadi.com\/eu\/podologoa-behar-da-bermeo\/","name":"Podologoa behar da -Bermeo - Colegio Oficial de Podolog\u00eda de Pa\u00eds Vasco","isPartOf":{"@id":"https:\/\/podologiaeuskadi.com\/#website"},"primaryImageOfPage":{"@id":"https:\/\/podologiaeuskadi.com\/eu\/podologoa-behar-da-bermeo\/#primaryimage"},"image":{"@id":"https:\/\/podologiaeuskadi.com\/eu\/podologoa-behar-da-bermeo\/#primaryimage"},"thumbnailUrl":"https:\/\/podologiaeuskadi.com\/wp-content\/uploads\/2025\/11\/Bermeo1.jpg","datePublished":"2025-11-04T09:17:46+00:00","dateModified":"2025-11-05T08:20:40+00:00","breadcrumb":{"@id":"https:\/\/podologiaeuskadi.com\/eu\/podologoa-behar-da-bermeo\/#breadcrumb"},"inLanguage":"eu-ES","potentialAction":[{"@type":"ReadAction","target":["https:\/\/podologiaeuskadi.com\/eu\/podologoa-behar-da-bermeo\/"]}]},{"@type":"ImageObject","inLanguage":"eu-ES","@id":"https:\/\/podologiaeuskadi.com\/eu\/podologoa-behar-da-bermeo\/#primaryimage","url":"https:\/\/podologiaeuskadi.com\/wp-content\/uploads\/2025\/11\/Bermeo1.jpg","contentUrl":"https:\/\/podologiaeuskadi.com\/wp-content\/uploads\/2025\/11\/Bermeo1.jpg","width":310,"height":243},{"@type":"BreadcrumbList","@id":"https:\/\/podologiaeuskadi.com\/eu\/podologoa-behar-da-bermeo\/#breadcrumb","itemListElement":[{"@type":"ListItem","position":1,"name":"Portada","item":"https:\/\/podologiaeuskadi.com\/eu\/"},{"@type":"ListItem","position":2,"name":"Podologoa behar da -Bermeo"}]},{"@type":"WebSite","@id":"https:\/\/podologiaeuskadi.com\/#website","url":"https:\/\/podologiaeuskadi.com\/","name":"Colegio Oficial de Pod\u00f3logos del Pa\u00eds Vasco","description":"Colegio Oficial de Podolog\u00eda de Pa\u00eds Vasco","publisher":{"@id":"https:\/\/podologiaeuskadi.com\/#organization"},"potentialAction":[{"@type":"SearchAction","target":{"@type":"EntryPoint","urlTemplate":"https:\/\/podologiaeuskadi.com\/?s={search_term_string}"},"query-input":{"@type":"PropertyValueSpecification","valueRequired":true,"valueName":"search_term_string"}}],"inLanguage":"eu-ES"},{"@type":"Organization","@id":"https:\/\/podologiaeuskadi.com\/#organization","name":"Colegio Oficial de Pod\u00f3logos del Pa\u00eds Vasco","url":"https:\/\/podologiaeuskadi.com\/","logo":{"@type":"ImageObject","inLanguage":"eu-ES","@id":"https:\/\/podologiaeuskadi.com\/#\/schema\/logo\/image\/","url":"https:\/\/podologiaeuskadi.com\/wp-content\/uploads\/2024\/04\/240423-col-podologos-2.jpg","contentUrl":"https:\/\/podologiaeuskadi.com\/wp-content\/uploads\/2024\/04\/240423-col-podologos-2.jpg","width":1660,"height":822,"caption":"Colegio Oficial de Pod\u00f3logos del Pa\u00eds Vasco"},"image":{"@id":"https:\/\/podologiaeuskadi.com\/#\/schema\/logo\/image\/"},"sameAs":["https:\/\/www.facebook.com\/ColegioPodologosEuskadi\/","https:\/\/x.com\/CPodologos","https:\/\/www.youtube.com\/@colegiopodologosdelpaisvas9357"]},{"@type":"Person","@id":"https:\/\/podologiaeuskadi.com\/#\/schema\/person\/1d78605bc1739dd0e1a6712e3ee9df5e","name":"Itziar","image":{"@type":"ImageObject","inLanguage":"eu-ES","@id":"https:\/\/secure.gravatar.com\/avatar\/df06620d5d9f4f2c716236a5da0f69512929d231b1d2d3c95016f3c1d6937f01?s=96&d=mm&r=g","url":"https:\/\/secure.gravatar.com\/avatar\/df06620d5d9f4f2c716236a5da0f69512929d231b1d2d3c95016f3c1d6937f01?s=96&d=mm&r=g","contentUrl":"https:\/\/secure.gravatar.com\/avatar\/df06620d5d9f4f2c716236a5da0f69512929d231b1d2d3c95016f3c1d6937f01?s=96&d=mm&r=g","caption":"Itziar"},"url":"https:\/\/podologiaeuskadi.com\/eu\/author\/coppv-epe\/"}]}},"_links":{"self":[{"href":"https:\/\/podologiaeuskadi.com\/eu\/wp-json\/wp\/v2\/posts\/22183","targetHints":{"allow":["GET"]}}],"collection":[{"href":"https:\/\/podologiaeuskadi.com\/eu\/wp-json\/wp\/v2\/posts"}],"about":[{"href":"https:\/\/podologiaeuskadi.com\/eu\/wp-json\/wp\/v2\/types\/post"}],"author":[{"embeddable":true,"href":"https:\/\/podologiaeuskadi.com\/eu\/wp-json\/wp\/v2\/users\/2798"}],"replies":[{"embeddable":true,"href":"https:\/\/podologiaeuskadi.com\/eu\/wp-json\/wp\/v2\/comments?post=22183"}],"version-history":[{"count":3,"href":"https:\/\/podologiaeuskadi.com\/eu\/wp-json\/wp\/v2\/posts\/22183\/revisions"}],"predecessor-version":[{"id":22239,"href":"https:\/\/podologiaeuskadi.com\/eu\/wp-json\/wp\/v2\/posts\/22183\/revisions\/22239"}],"wp:featuredmedia":[{"embeddable":true,"href":"https:\/\/podologiaeuskadi.com\/eu\/wp-json\/wp\/v2\/media\/22181"}],"wp:attachment":[{"href":"https:\/\/podologiaeuskadi.com\/eu\/wp-json\/wp\/v2\/media?parent=22183"}],"wp:term":[{"taxonomy":"category","embeddable":true,"href":"https:\/\/podologiaeuskadi.com\/eu\/wp-json\/wp\/v2\/categories?post=22183"},{"taxonomy":"post_tag","embeddable":true,"href":"https:\/\/podologiaeuskadi.com\/eu\/wp-json\/wp\/v2\/tags?post=22183"}],"curies":[{"name":"wp","href":"https:\/\/api.w.org\/{rel}","templated":true}]}}