{"id":22411,"date":"2026-01-02T10:00:00","date_gmt":"2026-01-02T08:00:00","guid":{"rendered":"https:\/\/podologiaeuskadi.com\/estetizista-kondenatuta-zuen-podologian-intrusismoa-egiteagatik-valentziako-erkidegoan\/"},"modified":"2025-12-30T14:41:37","modified_gmt":"2025-12-30T12:41:37","slug":"estetizista-kondenatuta-zuen-podologian-intrusismoa-egiteagatik-valentziako-erkidegoan","status":"publish","type":"post","link":"https:\/\/podologiaeuskadi.com\/eu\/estetizista-kondenatuta-zuen-podologian-intrusismoa-egiteagatik-valentziako-erkidegoan\/","title":{"rendered":"Estetizista kondenatu dute podologian intrusismoa egiteagatik Valentziako Erkidegoan"},"content":{"rendered":"\n<p><\/p>\n\n<p><strong><span style=\"color: #761d33;\">Valentziako Podologoen Elkargoak kereila bat jarri zuen kondenatuaren aurka, Orihuelako edertasun-zentro batean aritzen baitzen, oinen osasunarekin lotutako alterazioak tratatzeagatik, hala nola azazkal haragituak, hiperkeratosiak edo onddoak, eska daitekeen unibertsitate-gradurik gabe.<\/span>\n.<\/strong><\/p>\n\n<p><strong>Madrilen, 2025eko abenduaren 29an<\/strong>.- Orihuelako (Alacant) Zigor Arloko 3 zenbakiko Epaitegiak hiri horretako estetizista bati egunero isun bat jarri dio urtebetez, podologian intrusismo profesionala egiteagatik. Profesional horrek edertasun-zentro batean osasun-adar podologikoaren berezko jarduerak egiten zituen, hori egiaztatzen zuen unibertsitate-titulurik izan gabe eta beharrezkoa zen elkargoko kide izatea izan gabe.<\/p>\n\n<p>Valentziako Erkidegoko Podologia Elkargo Ofizial Ospetsuko (ICOPCV) talde juridikoak frogatu ahal izan zuenez, kondenatuak, pazientearen oinak eta anamnesia miatu ondoren, onikokriptosiaren (Azazkal inkarnatua) eta hiperkeratosiaren (Kailuak) diagnostiko bat egin zuen, eta kendu egin zuen, tresna labur zorrotzak erabiliz (bisturia, adibidez), medikazioa aplikatu eta tratamendu bat agindu zuen. Horrekin batera, onddoak eta juaneteentzako ferula bat tratatzeko gomendioak egin zituen.<\/p>\n\n<p><em>\u201cHerritarrek jakin behar dute Orihuelako estetizista horrek egin zituen jarduera horiek podologiaren osasun-eskumenak direla, eta ez estetikaren eremukoak, edertzea baino ez baitu aurreikusten2. Kondena horri esker, pazienteen osasuna arriskuan jartzen duen delitu-jarduera bat geldiarazi ahal izan da, kontziente izan gabe, eta urrats bat gehiago eman ahal izan da podologiako intrusismoarekin amaitzeko &#8220;, adierazi du Maite Garc\u00edak, podologoak eta Valentziako Erkidegoko Podologoen Elkargoko batzorde juridikoko kideak.<\/em><\/p>\n\n<p><em>&#8220;Gure oinetako osasuna bertan espezializatutako profesional sanitarioengan bakarrik jartzearen garrantziaz jabetu behar dugu, podologiako unibertsitate-tituludunak baikara. Profesional kualifikatu baten aurrean gaudela ziurtatzeko, lanbidean jarduteko beharrezkoa den elkargokide-zenbakia eska dezakegu &#8220;, azaldu du.<\/em><\/p>\n\n<p>Informazio gehiago: <a href=\"https:\/\/www.icopcv.org\/\">ICOPCV <\/a>\u00a0eta <a href=\"https:\/\/cgcop.es\/\">CGCOP <\/a><\/p>\n\n<p><\/p>\n","protected":false},"excerpt":{"rendered":"<p>Valentziako Podologoen Elkargoak kereila bat jarri zuen kondenatuaren aurka, Orihuelako edertasun-zentro batean aritzen baitzen, oinen osasunarekin lotutako alterazioak tratatzeagatik, hala nola azazkal haragituak, hiperkeratosiak edo onddoak, eska daitekeen unibertsitate-gradurik gabe. . Madrilen, 2025eko abenduaren 29an.- Orihuelako (Alacant) Zigor Arloko 3 zenbakiko Epaitegiak hiri horretako estetizista bati egunero isun bat jarri dio urtebetez, podologian intrusismo profesionala&hellip;<\/p>\n","protected":false},"author":2798,"featured_media":22409,"comment_status":"closed","ping_status":"open","sticky":false,"template":"","format":"standard","meta":{"footnotes":""},"categories":[41],"tags":[],"class_list":["post-22411","post","type-post","status-publish","format-standard","has-post-thumbnail","hentry","category-divulgacion-eu","category-41","description-off"],"yoast_head":"<!-- This site is optimized with the Yoast SEO plugin v27.4 - https:\/\/yoast.com\/product\/yoast-seo-wordpress\/ -->\n<title>Estetizista kondenatu dute podologian intrusismoa egiteagatik Valentziako Erkidegoan - Colegio Oficial de Podolog\u00eda de Pa\u00eds Vasco<\/title>\n<meta name=\"robots\" content=\"index, follow, max-snippet:-1, max-image-preview:large, max-video-preview:-1\" \/>\n<link rel=\"canonical\" href=\"https:\/\/podologiaeuskadi.com\/eu\/estetizista-kondenatuta-zuen-podologian-intrusismoa-egiteagatik-valentziako-erkidegoan\/\" \/>\n<meta property=\"og:locale\" content=\"eu_ES\" \/>\n<meta property=\"og:type\" content=\"article\" \/>\n<meta property=\"og:title\" content=\"Estetizista kondenatu dute podologian intrusismoa egiteagatik Valentziako Erkidegoan - Colegio Oficial de Podolog\u00eda de Pa\u00eds Vasco\" \/>\n<meta property=\"og:description\" content=\"Valentziako Podologoen Elkargoak kereila bat jarri zuen kondenatuaren aurka, Orihuelako edertasun-zentro batean aritzen baitzen, oinen osasunarekin lotutako alterazioak tratatzeagatik, hala nola azazkal haragituak, hiperkeratosiak edo onddoak, eska daitekeen unibertsitate-gradurik gabe. . Madrilen, 2025eko abenduaren 29an.- Orihuelako (Alacant) Zigor Arloko 3 zenbakiko Epaitegiak hiri horretako estetizista bati egunero isun bat jarri dio urtebetez, podologian intrusismo profesionala&hellip;\" \/>\n<meta property=\"og:url\" content=\"https:\/\/podologiaeuskadi.com\/eu\/estetizista-kondenatuta-zuen-podologian-intrusismoa-egiteagatik-valentziako-erkidegoan\/\" \/>\n<meta property=\"og:site_name\" content=\"Colegio Oficial de Podolog\u00eda de Pa\u00eds Vasco\" \/>\n<meta property=\"article:publisher\" content=\"https:\/\/www.facebook.com\/ColegioPodologosEuskadi\/\" \/>\n<meta property=\"article:published_time\" content=\"2026-01-02T08:00:00+00:00\" \/>\n<meta property=\"og:image\" content=\"https:\/\/podologiaeuskadi.com\/wp-content\/uploads\/2025\/12\/martillo-con-libros-sobre-el-escritorio-de-madera-antiguo-scaled.jpg\" \/>\n\t<meta property=\"og:image:width\" content=\"2560\" \/>\n\t<meta property=\"og:image:height\" content=\"1707\" \/>\n\t<meta property=\"og:image:type\" content=\"image\/jpeg\" \/>\n<meta name=\"author\" content=\"Itziar\" \/>\n<meta name=\"twitter:card\" content=\"summary_large_image\" \/>\n<meta name=\"twitter:creator\" content=\"@CPodologos\" \/>\n<meta name=\"twitter:site\" content=\"@CPodologos\" \/>\n<meta name=\"twitter:label1\" content=\"Written by\" \/>\n\t<meta name=\"twitter:data1\" content=\"Itziar\" \/>\n\t<meta name=\"twitter:label2\" content=\"Est. reading time\" \/>\n\t<meta name=\"twitter:data2\" content=\"2 minutes\" \/>\n<script type=\"application\/ld+json\" class=\"yoast-schema-graph\">{\"@context\":\"https:\\\/\\\/schema.org\",\"@graph\":[{\"@type\":\"Article\",\"@id\":\"https:\\\/\\\/podologiaeuskadi.com\\\/eu\\\/estetizista-kondenatuta-zuen-podologian-intrusismoa-egiteagatik-valentziako-erkidegoan\\\/#article\",\"isPartOf\":{\"@id\":\"https:\\\/\\\/podologiaeuskadi.com\\\/eu\\\/estetizista-kondenatuta-zuen-podologian-intrusismoa-egiteagatik-valentziako-erkidegoan\\\/\"},\"author\":{\"name\":\"Itziar\",\"@id\":\"https:\\\/\\\/podologiaeuskadi.com\\\/#\\\/schema\\\/person\\\/1d78605bc1739dd0e1a6712e3ee9df5e\"},\"headline\":\"Estetizista kondenatu dute podologian intrusismoa egiteagatik Valentziako Erkidegoan\",\"datePublished\":\"2026-01-02T08:00:00+00:00\",\"mainEntityOfPage\":{\"@id\":\"https:\\\/\\\/podologiaeuskadi.com\\\/eu\\\/estetizista-kondenatuta-zuen-podologian-intrusismoa-egiteagatik-valentziako-erkidegoan\\\/\"},\"wordCount\":246,\"publisher\":{\"@id\":\"https:\\\/\\\/podologiaeuskadi.com\\\/#organization\"},\"image\":{\"@id\":\"https:\\\/\\\/podologiaeuskadi.com\\\/eu\\\/estetizista-kondenatuta-zuen-podologian-intrusismoa-egiteagatik-valentziako-erkidegoan\\\/#primaryimage\"},\"thumbnailUrl\":\"https:\\\/\\\/podologiaeuskadi.com\\\/wp-content\\\/uploads\\\/2025\\\/12\\\/martillo-con-libros-sobre-el-escritorio-de-madera-antiguo-scaled.jpg\",\"articleSection\":[\"Dibulgazioa\"],\"inLanguage\":\"eu-ES\"},{\"@type\":\"WebPage\",\"@id\":\"https:\\\/\\\/podologiaeuskadi.com\\\/eu\\\/estetizista-kondenatuta-zuen-podologian-intrusismoa-egiteagatik-valentziako-erkidegoan\\\/\",\"url\":\"https:\\\/\\\/podologiaeuskadi.com\\\/eu\\\/estetizista-kondenatuta-zuen-podologian-intrusismoa-egiteagatik-valentziako-erkidegoan\\\/\",\"name\":\"Estetizista kondenatu dute podologian intrusismoa egiteagatik Valentziako Erkidegoan - Colegio Oficial de Podolog\u00eda de Pa\u00eds Vasco\",\"isPartOf\":{\"@id\":\"https:\\\/\\\/podologiaeuskadi.com\\\/#website\"},\"primaryImageOfPage\":{\"@id\":\"https:\\\/\\\/podologiaeuskadi.com\\\/eu\\\/estetizista-kondenatuta-zuen-podologian-intrusismoa-egiteagatik-valentziako-erkidegoan\\\/#primaryimage\"},\"image\":{\"@id\":\"https:\\\/\\\/podologiaeuskadi.com\\\/eu\\\/estetizista-kondenatuta-zuen-podologian-intrusismoa-egiteagatik-valentziako-erkidegoan\\\/#primaryimage\"},\"thumbnailUrl\":\"https:\\\/\\\/podologiaeuskadi.com\\\/wp-content\\\/uploads\\\/2025\\\/12\\\/martillo-con-libros-sobre-el-escritorio-de-madera-antiguo-scaled.jpg\",\"datePublished\":\"2026-01-02T08:00:00+00:00\",\"breadcrumb\":{\"@id\":\"https:\\\/\\\/podologiaeuskadi.com\\\/eu\\\/estetizista-kondenatuta-zuen-podologian-intrusismoa-egiteagatik-valentziako-erkidegoan\\\/#breadcrumb\"},\"inLanguage\":\"eu-ES\",\"potentialAction\":[{\"@type\":\"ReadAction\",\"target\":[\"https:\\\/\\\/podologiaeuskadi.com\\\/eu\\\/estetizista-kondenatuta-zuen-podologian-intrusismoa-egiteagatik-valentziako-erkidegoan\\\/\"]}]},{\"@type\":\"ImageObject\",\"inLanguage\":\"eu-ES\",\"@id\":\"https:\\\/\\\/podologiaeuskadi.com\\\/eu\\\/estetizista-kondenatuta-zuen-podologian-intrusismoa-egiteagatik-valentziako-erkidegoan\\\/#primaryimage\",\"url\":\"https:\\\/\\\/podologiaeuskadi.com\\\/wp-content\\\/uploads\\\/2025\\\/12\\\/martillo-con-libros-sobre-el-escritorio-de-madera-antiguo-scaled.jpg\",\"contentUrl\":\"https:\\\/\\\/podologiaeuskadi.com\\\/wp-content\\\/uploads\\\/2025\\\/12\\\/martillo-con-libros-sobre-el-escritorio-de-madera-antiguo-scaled.jpg\",\"width\":2560,\"height\":1707,\"caption\":\"Gavel With Books On Old Wooden Desk\"},{\"@type\":\"BreadcrumbList\",\"@id\":\"https:\\\/\\\/podologiaeuskadi.com\\\/eu\\\/estetizista-kondenatuta-zuen-podologian-intrusismoa-egiteagatik-valentziako-erkidegoan\\\/#breadcrumb\",\"itemListElement\":[{\"@type\":\"ListItem\",\"position\":1,\"name\":\"Portada\",\"item\":\"https:\\\/\\\/podologiaeuskadi.com\\\/eu\\\/\"},{\"@type\":\"ListItem\",\"position\":2,\"name\":\"Estetizista kondenatu dute podologian intrusismoa egiteagatik Valentziako Erkidegoan\"}]},{\"@type\":\"WebSite\",\"@id\":\"https:\\\/\\\/podologiaeuskadi.com\\\/#website\",\"url\":\"https:\\\/\\\/podologiaeuskadi.com\\\/\",\"name\":\"Colegio Oficial de Pod\u00f3logos del Pa\u00eds Vasco\",\"description\":\"Colegio Oficial de Podolog\u00eda de Pa\u00eds Vasco\",\"publisher\":{\"@id\":\"https:\\\/\\\/podologiaeuskadi.com\\\/#organization\"},\"potentialAction\":[{\"@type\":\"SearchAction\",\"target\":{\"@type\":\"EntryPoint\",\"urlTemplate\":\"https:\\\/\\\/podologiaeuskadi.com\\\/?s={search_term_string}\"},\"query-input\":{\"@type\":\"PropertyValueSpecification\",\"valueRequired\":true,\"valueName\":\"search_term_string\"}}],\"inLanguage\":\"eu-ES\"},{\"@type\":\"Organization\",\"@id\":\"https:\\\/\\\/podologiaeuskadi.com\\\/#organization\",\"name\":\"Colegio Oficial de Pod\u00f3logos del Pa\u00eds Vasco\",\"url\":\"https:\\\/\\\/podologiaeuskadi.com\\\/\",\"logo\":{\"@type\":\"ImageObject\",\"inLanguage\":\"eu-ES\",\"@id\":\"https:\\\/\\\/podologiaeuskadi.com\\\/#\\\/schema\\\/logo\\\/image\\\/\",\"url\":\"https:\\\/\\\/podologiaeuskadi.com\\\/wp-content\\\/uploads\\\/2024\\\/04\\\/240423-col-podologos-2.jpg\",\"contentUrl\":\"https:\\\/\\\/podologiaeuskadi.com\\\/wp-content\\\/uploads\\\/2024\\\/04\\\/240423-col-podologos-2.jpg\",\"width\":1660,\"height\":822,\"caption\":\"Colegio Oficial de Pod\u00f3logos del Pa\u00eds Vasco\"},\"image\":{\"@id\":\"https:\\\/\\\/podologiaeuskadi.com\\\/#\\\/schema\\\/logo\\\/image\\\/\"},\"sameAs\":[\"https:\\\/\\\/www.facebook.com\\\/ColegioPodologosEuskadi\\\/\",\"https:\\\/\\\/x.com\\\/CPodologos\",\"https:\\\/\\\/www.youtube.com\\\/@colegiopodologosdelpaisvas9357\"]},{\"@type\":\"Person\",\"@id\":\"https:\\\/\\\/podologiaeuskadi.com\\\/#\\\/schema\\\/person\\\/1d78605bc1739dd0e1a6712e3ee9df5e\",\"name\":\"Itziar\",\"image\":{\"@type\":\"ImageObject\",\"inLanguage\":\"eu-ES\",\"@id\":\"https:\\\/\\\/secure.gravatar.com\\\/avatar\\\/df06620d5d9f4f2c716236a5da0f69512929d231b1d2d3c95016f3c1d6937f01?s=96&d=mm&r=g\",\"url\":\"https:\\\/\\\/secure.gravatar.com\\\/avatar\\\/df06620d5d9f4f2c716236a5da0f69512929d231b1d2d3c95016f3c1d6937f01?s=96&d=mm&r=g\",\"contentUrl\":\"https:\\\/\\\/secure.gravatar.com\\\/avatar\\\/df06620d5d9f4f2c716236a5da0f69512929d231b1d2d3c95016f3c1d6937f01?s=96&d=mm&r=g\",\"caption\":\"Itziar\"},\"url\":\"https:\\\/\\\/podologiaeuskadi.com\\\/eu\\\/author\\\/coppv-epe\\\/\"}]}<\/script>\n<!-- \/ Yoast SEO plugin. -->","yoast_head_json":{"title":"Estetizista kondenatu dute podologian intrusismoa egiteagatik Valentziako Erkidegoan - Colegio Oficial de Podolog\u00eda de Pa\u00eds Vasco","robots":{"index":"index","follow":"follow","max-snippet":"max-snippet:-1","max-image-preview":"max-image-preview:large","max-video-preview":"max-video-preview:-1"},"canonical":"https:\/\/podologiaeuskadi.com\/eu\/estetizista-kondenatuta-zuen-podologian-intrusismoa-egiteagatik-valentziako-erkidegoan\/","og_locale":"eu_ES","og_type":"article","og_title":"Estetizista kondenatu dute podologian intrusismoa egiteagatik Valentziako Erkidegoan - Colegio Oficial de Podolog\u00eda de Pa\u00eds Vasco","og_description":"Valentziako Podologoen Elkargoak kereila bat jarri zuen kondenatuaren aurka, Orihuelako edertasun-zentro batean aritzen baitzen, oinen osasunarekin lotutako alterazioak tratatzeagatik, hala nola azazkal haragituak, hiperkeratosiak edo onddoak, eska daitekeen unibertsitate-gradurik gabe. . Madrilen, 2025eko abenduaren 29an.- Orihuelako (Alacant) Zigor Arloko 3 zenbakiko Epaitegiak hiri horretako estetizista bati egunero isun bat jarri dio urtebetez, podologian intrusismo profesionala&hellip;","og_url":"https:\/\/podologiaeuskadi.com\/eu\/estetizista-kondenatuta-zuen-podologian-intrusismoa-egiteagatik-valentziako-erkidegoan\/","og_site_name":"Colegio Oficial de Podolog\u00eda de Pa\u00eds Vasco","article_publisher":"https:\/\/www.facebook.com\/ColegioPodologosEuskadi\/","article_published_time":"2026-01-02T08:00:00+00:00","og_image":[{"width":2560,"height":1707,"url":"https:\/\/podologiaeuskadi.com\/wp-content\/uploads\/2025\/12\/martillo-con-libros-sobre-el-escritorio-de-madera-antiguo-scaled.jpg","type":"image\/jpeg"}],"author":"Itziar","twitter_card":"summary_large_image","twitter_creator":"@CPodologos","twitter_site":"@CPodologos","twitter_misc":{"Written by":"Itziar","Est. reading time":"2 minutes"},"schema":{"@context":"https:\/\/schema.org","@graph":[{"@type":"Article","@id":"https:\/\/podologiaeuskadi.com\/eu\/estetizista-kondenatuta-zuen-podologian-intrusismoa-egiteagatik-valentziako-erkidegoan\/#article","isPartOf":{"@id":"https:\/\/podologiaeuskadi.com\/eu\/estetizista-kondenatuta-zuen-podologian-intrusismoa-egiteagatik-valentziako-erkidegoan\/"},"author":{"name":"Itziar","@id":"https:\/\/podologiaeuskadi.com\/#\/schema\/person\/1d78605bc1739dd0e1a6712e3ee9df5e"},"headline":"Estetizista kondenatu dute podologian intrusismoa egiteagatik Valentziako Erkidegoan","datePublished":"2026-01-02T08:00:00+00:00","mainEntityOfPage":{"@id":"https:\/\/podologiaeuskadi.com\/eu\/estetizista-kondenatuta-zuen-podologian-intrusismoa-egiteagatik-valentziako-erkidegoan\/"},"wordCount":246,"publisher":{"@id":"https:\/\/podologiaeuskadi.com\/#organization"},"image":{"@id":"https:\/\/podologiaeuskadi.com\/eu\/estetizista-kondenatuta-zuen-podologian-intrusismoa-egiteagatik-valentziako-erkidegoan\/#primaryimage"},"thumbnailUrl":"https:\/\/podologiaeuskadi.com\/wp-content\/uploads\/2025\/12\/martillo-con-libros-sobre-el-escritorio-de-madera-antiguo-scaled.jpg","articleSection":["Dibulgazioa"],"inLanguage":"eu-ES"},{"@type":"WebPage","@id":"https:\/\/podologiaeuskadi.com\/eu\/estetizista-kondenatuta-zuen-podologian-intrusismoa-egiteagatik-valentziako-erkidegoan\/","url":"https:\/\/podologiaeuskadi.com\/eu\/estetizista-kondenatuta-zuen-podologian-intrusismoa-egiteagatik-valentziako-erkidegoan\/","name":"Estetizista kondenatu dute podologian intrusismoa egiteagatik Valentziako Erkidegoan - Colegio Oficial de Podolog\u00eda de Pa\u00eds Vasco","isPartOf":{"@id":"https:\/\/podologiaeuskadi.com\/#website"},"primaryImageOfPage":{"@id":"https:\/\/podologiaeuskadi.com\/eu\/estetizista-kondenatuta-zuen-podologian-intrusismoa-egiteagatik-valentziako-erkidegoan\/#primaryimage"},"image":{"@id":"https:\/\/podologiaeuskadi.com\/eu\/estetizista-kondenatuta-zuen-podologian-intrusismoa-egiteagatik-valentziako-erkidegoan\/#primaryimage"},"thumbnailUrl":"https:\/\/podologiaeuskadi.com\/wp-content\/uploads\/2025\/12\/martillo-con-libros-sobre-el-escritorio-de-madera-antiguo-scaled.jpg","datePublished":"2026-01-02T08:00:00+00:00","breadcrumb":{"@id":"https:\/\/podologiaeuskadi.com\/eu\/estetizista-kondenatuta-zuen-podologian-intrusismoa-egiteagatik-valentziako-erkidegoan\/#breadcrumb"},"inLanguage":"eu-ES","potentialAction":[{"@type":"ReadAction","target":["https:\/\/podologiaeuskadi.com\/eu\/estetizista-kondenatuta-zuen-podologian-intrusismoa-egiteagatik-valentziako-erkidegoan\/"]}]},{"@type":"ImageObject","inLanguage":"eu-ES","@id":"https:\/\/podologiaeuskadi.com\/eu\/estetizista-kondenatuta-zuen-podologian-intrusismoa-egiteagatik-valentziako-erkidegoan\/#primaryimage","url":"https:\/\/podologiaeuskadi.com\/wp-content\/uploads\/2025\/12\/martillo-con-libros-sobre-el-escritorio-de-madera-antiguo-scaled.jpg","contentUrl":"https:\/\/podologiaeuskadi.com\/wp-content\/uploads\/2025\/12\/martillo-con-libros-sobre-el-escritorio-de-madera-antiguo-scaled.jpg","width":2560,"height":1707,"caption":"Gavel With Books On Old Wooden Desk"},{"@type":"BreadcrumbList","@id":"https:\/\/podologiaeuskadi.com\/eu\/estetizista-kondenatuta-zuen-podologian-intrusismoa-egiteagatik-valentziako-erkidegoan\/#breadcrumb","itemListElement":[{"@type":"ListItem","position":1,"name":"Portada","item":"https:\/\/podologiaeuskadi.com\/eu\/"},{"@type":"ListItem","position":2,"name":"Estetizista kondenatu dute podologian intrusismoa egiteagatik Valentziako Erkidegoan"}]},{"@type":"WebSite","@id":"https:\/\/podologiaeuskadi.com\/#website","url":"https:\/\/podologiaeuskadi.com\/","name":"Colegio Oficial de Pod\u00f3logos del Pa\u00eds Vasco","description":"Colegio Oficial de Podolog\u00eda de Pa\u00eds Vasco","publisher":{"@id":"https:\/\/podologiaeuskadi.com\/#organization"},"potentialAction":[{"@type":"SearchAction","target":{"@type":"EntryPoint","urlTemplate":"https:\/\/podologiaeuskadi.com\/?s={search_term_string}"},"query-input":{"@type":"PropertyValueSpecification","valueRequired":true,"valueName":"search_term_string"}}],"inLanguage":"eu-ES"},{"@type":"Organization","@id":"https:\/\/podologiaeuskadi.com\/#organization","name":"Colegio Oficial de Pod\u00f3logos del Pa\u00eds Vasco","url":"https:\/\/podologiaeuskadi.com\/","logo":{"@type":"ImageObject","inLanguage":"eu-ES","@id":"https:\/\/podologiaeuskadi.com\/#\/schema\/logo\/image\/","url":"https:\/\/podologiaeuskadi.com\/wp-content\/uploads\/2024\/04\/240423-col-podologos-2.jpg","contentUrl":"https:\/\/podologiaeuskadi.com\/wp-content\/uploads\/2024\/04\/240423-col-podologos-2.jpg","width":1660,"height":822,"caption":"Colegio Oficial de Pod\u00f3logos del Pa\u00eds Vasco"},"image":{"@id":"https:\/\/podologiaeuskadi.com\/#\/schema\/logo\/image\/"},"sameAs":["https:\/\/www.facebook.com\/ColegioPodologosEuskadi\/","https:\/\/x.com\/CPodologos","https:\/\/www.youtube.com\/@colegiopodologosdelpaisvas9357"]},{"@type":"Person","@id":"https:\/\/podologiaeuskadi.com\/#\/schema\/person\/1d78605bc1739dd0e1a6712e3ee9df5e","name":"Itziar","image":{"@type":"ImageObject","inLanguage":"eu-ES","@id":"https:\/\/secure.gravatar.com\/avatar\/df06620d5d9f4f2c716236a5da0f69512929d231b1d2d3c95016f3c1d6937f01?s=96&d=mm&r=g","url":"https:\/\/secure.gravatar.com\/avatar\/df06620d5d9f4f2c716236a5da0f69512929d231b1d2d3c95016f3c1d6937f01?s=96&d=mm&r=g","contentUrl":"https:\/\/secure.gravatar.com\/avatar\/df06620d5d9f4f2c716236a5da0f69512929d231b1d2d3c95016f3c1d6937f01?s=96&d=mm&r=g","caption":"Itziar"},"url":"https:\/\/podologiaeuskadi.com\/eu\/author\/coppv-epe\/"}]}},"_links":{"self":[{"href":"https:\/\/podologiaeuskadi.com\/eu\/wp-json\/wp\/v2\/posts\/22411","targetHints":{"allow":["GET"]}}],"collection":[{"href":"https:\/\/podologiaeuskadi.com\/eu\/wp-json\/wp\/v2\/posts"}],"about":[{"href":"https:\/\/podologiaeuskadi.com\/eu\/wp-json\/wp\/v2\/types\/post"}],"author":[{"embeddable":true,"href":"https:\/\/podologiaeuskadi.com\/eu\/wp-json\/wp\/v2\/users\/2798"}],"replies":[{"embeddable":true,"href":"https:\/\/podologiaeuskadi.com\/eu\/wp-json\/wp\/v2\/comments?post=22411"}],"version-history":[{"count":2,"href":"https:\/\/podologiaeuskadi.com\/eu\/wp-json\/wp\/v2\/posts\/22411\/revisions"}],"predecessor-version":[{"id":22413,"href":"https:\/\/podologiaeuskadi.com\/eu\/wp-json\/wp\/v2\/posts\/22411\/revisions\/22413"}],"wp:featuredmedia":[{"embeddable":true,"href":"https:\/\/podologiaeuskadi.com\/eu\/wp-json\/wp\/v2\/media\/22409"}],"wp:attachment":[{"href":"https:\/\/podologiaeuskadi.com\/eu\/wp-json\/wp\/v2\/media?parent=22411"}],"wp:term":[{"taxonomy":"category","embeddable":true,"href":"https:\/\/podologiaeuskadi.com\/eu\/wp-json\/wp\/v2\/categories?post=22411"},{"taxonomy":"post_tag","embeddable":true,"href":"https:\/\/podologiaeuskadi.com\/eu\/wp-json\/wp\/v2\/tags?post=22411"}],"curies":[{"name":"wp","href":"https:\/\/api.w.org\/{rel}","templated":true}]}}