{"id":22680,"date":"2026-03-13T14:39:47","date_gmt":"2026-03-13T12:39:47","guid":{"rendered":"https:\/\/podologiaeuskadi.com\/epeok-egoitzetan-podologia-geriatrikoa-indartzearen-garrantzia-helarazi-dio-bizkaiko-foru-aldundiari\/"},"modified":"2026-03-13T14:53:13","modified_gmt":"2026-03-13T12:53:13","slug":"epeok-egoitzetan-podologia-geriatrikoa-indartzearen-garrantzia-helarazi-dio-bizkaiko-foru-aldundiari","status":"publish","type":"post","link":"https:\/\/podologiaeuskadi.com\/eu\/epeok-egoitzetan-podologia-geriatrikoa-indartzearen-garrantzia-helarazi-dio-bizkaiko-foru-aldundiari\/","title":{"rendered":"EPEOk egoitzetan podologia geriatrikoa indartzearen garrantzia helarazi dio Bizkaiko Foru Aldundiari"},"content":{"rendered":"<div class=\"wpb-content-wrapper\"><p>[vc_row][vc_column][vc_column_text css=&#8221;&#8221;]<\/p>\n<h3><span style=\"color: #761d33;\">EPEOk egoitzetan podologia geriatrikoa indartzearen garrantzia helarazi dio Bizkaiko Foru Aldundiari<\/span><\/h3>\n<p>Euskadiko Podologiako Elkargo Ofizialak (EPEO) lan-bilera bat egin zuen martxoaren 10ean Bizkaiko Foru Aldundiko Gizarte Ekintza Saileko Bilboko ordezkariekin, foru-diputatu Amaia Antxustegi, lurraldeko adinekoen egoitza eta zentroetako podologia geriatrikoaren egoera aztertzeko.<\/p>\n<p>Bileran, EPEOk Bizkaiko egoitzetako arreta podologikoaren egungo egoera azaldu zuen, eta profesional kualifikatuen presentzia indartzeko beharra adierazi zuen. Era berean, elkargoak bere elkargokideen artean egindako inkestaren emaitza batzuk partekatu ziren. Emaitza horiek agerian uzten dute garrantzitsua dela arreta podologiko goiztiarra eta espezializatua ematea adinekoen osasun-konplikazioak saihesteko. Elkargoak nabarmendu zuen, halaber, egoiliarren familiek balorazio positiboa egiten dutela arreta podologiko profesionala dagoenean.<\/p>\n<p>Bestalde, Gizarte Ekintza Sailak &#8220;Bizkaiko komunitatean mendetasuna prebenitzeko eta autonomia pertsonala sustatzeko ituna&#8221; aurkeztu zuen, administrazioen eta gizarte-erakundeen arteko lankidetza-gunea, prebentzioan eta zahartze aktiboan oinarritutako ekimenak garatzera bideratua. Aldundiak adierazi zuen EPEOk arlo horretako ezagutza eta esperientzia eman zezakeela.<\/p>\n<p>Bilera horretan, Egoitzei buruzko Dekretua aldatzeko prozesua ere jorratu zen. Prozesu horretan, EPEOk defendatu zuen podologia zuzeneko arreta gisa aitortu behar dela, eta osasun-profesional kualifikatuek eman behar dutela.<\/p>\n<p>Bilera amaitzeko, bi alderdiek balorazio positiboa egin zuten, eta Bizkaian adinekoentzako arreta podologikoa hobetzen jarraitzeko borondatea erakutsi zuten.<\/p>\n<p>Informazio gehiagorako:<br \/>\nEuskadiko Podologia Elkargo Ofiziala<br \/>\nKomunikazioa[\/vc_column_text][\/vc_column][\/vc_row]<\/p>\n<\/div>","protected":false},"excerpt":{"rendered":"<p>[vc_row][vc_column][vc_column_text css=&#8221;&#8221;] EPEOk egoitzetan podologia geriatrikoa indartzearen garrantzia helarazi dio Bizkaiko Foru Aldundiari Euskadiko Podologiako Elkargo Ofizialak (EPEO) lan-bilera bat egin zuen martxoaren 10ean Bizkaiko Foru Aldundiko Gizarte Ekintza Saileko Bilboko ordezkariekin, foru-diputatu Amaia Antxustegi, lurraldeko adinekoen egoitza eta zentroetako podologia geriatrikoaren egoera aztertzeko. Bileran, EPEOk Bizkaiko egoitzetako arreta podologikoaren egungo egoera azaldu zuen, eta&hellip;<\/p>\n","protected":false},"author":2798,"featured_media":22678,"comment_status":"closed","ping_status":"open","sticky":false,"template":"","format":"standard","meta":{"footnotes":""},"categories":[41],"tags":[],"class_list":["post-22680","post","type-post","status-publish","format-standard","has-post-thumbnail","hentry","category-divulgacion-eu","category-41","description-off"],"yoast_head":"<!-- This site is optimized with the Yoast SEO plugin v27.4 - https:\/\/yoast.com\/product\/yoast-seo-wordpress\/ -->\n<title>EPEOk egoitzetan podologia geriatrikoa indartzearen garrantzia helarazi dio Bizkaiko Foru Aldundiari - Colegio Oficial de Podolog\u00eda de Pa\u00eds Vasco<\/title>\n<meta name=\"robots\" content=\"index, follow, max-snippet:-1, max-image-preview:large, max-video-preview:-1\" \/>\n<link rel=\"canonical\" href=\"https:\/\/podologiaeuskadi.com\/eu\/epeok-egoitzetan-podologia-geriatrikoa-indartzearen-garrantzia-helarazi-dio-bizkaiko-foru-aldundiari\/\" \/>\n<meta property=\"og:locale\" content=\"eu_ES\" \/>\n<meta property=\"og:type\" content=\"article\" \/>\n<meta property=\"og:title\" content=\"EPEOk egoitzetan podologia geriatrikoa indartzearen garrantzia helarazi dio Bizkaiko Foru Aldundiari - Colegio Oficial de Podolog\u00eda de Pa\u00eds Vasco\" \/>\n<meta property=\"og:description\" content=\"[vc_row][vc_column][vc_column_text css=&#8221;&#8221;] EPEOk egoitzetan podologia geriatrikoa indartzearen garrantzia helarazi dio Bizkaiko Foru Aldundiari Euskadiko Podologiako Elkargo Ofizialak (EPEO) lan-bilera bat egin zuen martxoaren 10ean Bizkaiko Foru Aldundiko Gizarte Ekintza Saileko Bilboko ordezkariekin, foru-diputatu Amaia Antxustegi, lurraldeko adinekoen egoitza eta zentroetako podologia geriatrikoaren egoera aztertzeko. Bileran, EPEOk Bizkaiko egoitzetako arreta podologikoaren egungo egoera azaldu zuen, eta&hellip;\" \/>\n<meta property=\"og:url\" content=\"https:\/\/podologiaeuskadi.com\/eu\/epeok-egoitzetan-podologia-geriatrikoa-indartzearen-garrantzia-helarazi-dio-bizkaiko-foru-aldundiari\/\" \/>\n<meta property=\"og:site_name\" content=\"Colegio Oficial de Podolog\u00eda de Pa\u00eds Vasco\" \/>\n<meta property=\"article:publisher\" content=\"https:\/\/www.facebook.com\/ColegioPodologosEuskadi\/\" \/>\n<meta property=\"article:published_time\" content=\"2026-03-13T12:39:47+00:00\" \/>\n<meta property=\"article:modified_time\" content=\"2026-03-13T12:53:13+00:00\" \/>\n<meta property=\"og:image\" content=\"https:\/\/podologiaeuskadi.com\/wp-content\/uploads\/2026\/03\/feet-newborn-baby-hands-grandmother-closeup-scaled.jpg\" \/>\n\t<meta property=\"og:image:width\" content=\"2560\" \/>\n\t<meta property=\"og:image:height\" content=\"1707\" \/>\n\t<meta property=\"og:image:type\" content=\"image\/jpeg\" \/>\n<meta name=\"author\" content=\"Itziar\" \/>\n<meta name=\"twitter:card\" content=\"summary_large_image\" \/>\n<meta name=\"twitter:creator\" content=\"@CPodologos\" \/>\n<meta name=\"twitter:site\" content=\"@CPodologos\" \/>\n<meta name=\"twitter:label1\" content=\"Written by\" \/>\n\t<meta name=\"twitter:data1\" content=\"Itziar\" \/>\n\t<meta name=\"twitter:label2\" content=\"Est. reading time\" \/>\n\t<meta name=\"twitter:data2\" content=\"2 minutes\" \/>\n<script type=\"application\/ld+json\" class=\"yoast-schema-graph\">{\"@context\":\"https:\\\/\\\/schema.org\",\"@graph\":[{\"@type\":\"Article\",\"@id\":\"https:\\\/\\\/podologiaeuskadi.com\\\/eu\\\/epeok-egoitzetan-podologia-geriatrikoa-indartzearen-garrantzia-helarazi-dio-bizkaiko-foru-aldundiari\\\/#article\",\"isPartOf\":{\"@id\":\"https:\\\/\\\/podologiaeuskadi.com\\\/eu\\\/epeok-egoitzetan-podologia-geriatrikoa-indartzearen-garrantzia-helarazi-dio-bizkaiko-foru-aldundiari\\\/\"},\"author\":{\"name\":\"Itziar\",\"@id\":\"https:\\\/\\\/podologiaeuskadi.com\\\/#\\\/schema\\\/person\\\/1d78605bc1739dd0e1a6712e3ee9df5e\"},\"headline\":\"EPEOk egoitzetan podologia geriatrikoa indartzearen garrantzia helarazi dio Bizkaiko Foru Aldundiari\",\"datePublished\":\"2026-03-13T12:39:47+00:00\",\"dateModified\":\"2026-03-13T12:53:13+00:00\",\"mainEntityOfPage\":{\"@id\":\"https:\\\/\\\/podologiaeuskadi.com\\\/eu\\\/epeok-egoitzetan-podologia-geriatrikoa-indartzearen-garrantzia-helarazi-dio-bizkaiko-foru-aldundiari\\\/\"},\"wordCount\":220,\"publisher\":{\"@id\":\"https:\\\/\\\/podologiaeuskadi.com\\\/#organization\"},\"image\":{\"@id\":\"https:\\\/\\\/podologiaeuskadi.com\\\/eu\\\/epeok-egoitzetan-podologia-geriatrikoa-indartzearen-garrantzia-helarazi-dio-bizkaiko-foru-aldundiari\\\/#primaryimage\"},\"thumbnailUrl\":\"https:\\\/\\\/podologiaeuskadi.com\\\/wp-content\\\/uploads\\\/2026\\\/03\\\/feet-newborn-baby-hands-grandmother-closeup-scaled.jpg\",\"articleSection\":[\"Dibulgazioa\"],\"inLanguage\":\"eu-ES\"},{\"@type\":\"WebPage\",\"@id\":\"https:\\\/\\\/podologiaeuskadi.com\\\/eu\\\/epeok-egoitzetan-podologia-geriatrikoa-indartzearen-garrantzia-helarazi-dio-bizkaiko-foru-aldundiari\\\/\",\"url\":\"https:\\\/\\\/podologiaeuskadi.com\\\/eu\\\/epeok-egoitzetan-podologia-geriatrikoa-indartzearen-garrantzia-helarazi-dio-bizkaiko-foru-aldundiari\\\/\",\"name\":\"EPEOk egoitzetan podologia geriatrikoa indartzearen garrantzia helarazi dio Bizkaiko Foru Aldundiari - Colegio Oficial de Podolog\u00eda de Pa\u00eds Vasco\",\"isPartOf\":{\"@id\":\"https:\\\/\\\/podologiaeuskadi.com\\\/#website\"},\"primaryImageOfPage\":{\"@id\":\"https:\\\/\\\/podologiaeuskadi.com\\\/eu\\\/epeok-egoitzetan-podologia-geriatrikoa-indartzearen-garrantzia-helarazi-dio-bizkaiko-foru-aldundiari\\\/#primaryimage\"},\"image\":{\"@id\":\"https:\\\/\\\/podologiaeuskadi.com\\\/eu\\\/epeok-egoitzetan-podologia-geriatrikoa-indartzearen-garrantzia-helarazi-dio-bizkaiko-foru-aldundiari\\\/#primaryimage\"},\"thumbnailUrl\":\"https:\\\/\\\/podologiaeuskadi.com\\\/wp-content\\\/uploads\\\/2026\\\/03\\\/feet-newborn-baby-hands-grandmother-closeup-scaled.jpg\",\"datePublished\":\"2026-03-13T12:39:47+00:00\",\"dateModified\":\"2026-03-13T12:53:13+00:00\",\"breadcrumb\":{\"@id\":\"https:\\\/\\\/podologiaeuskadi.com\\\/eu\\\/epeok-egoitzetan-podologia-geriatrikoa-indartzearen-garrantzia-helarazi-dio-bizkaiko-foru-aldundiari\\\/#breadcrumb\"},\"inLanguage\":\"eu-ES\",\"potentialAction\":[{\"@type\":\"ReadAction\",\"target\":[\"https:\\\/\\\/podologiaeuskadi.com\\\/eu\\\/epeok-egoitzetan-podologia-geriatrikoa-indartzearen-garrantzia-helarazi-dio-bizkaiko-foru-aldundiari\\\/\"]}]},{\"@type\":\"ImageObject\",\"inLanguage\":\"eu-ES\",\"@id\":\"https:\\\/\\\/podologiaeuskadi.com\\\/eu\\\/epeok-egoitzetan-podologia-geriatrikoa-indartzearen-garrantzia-helarazi-dio-bizkaiko-foru-aldundiari\\\/#primaryimage\",\"url\":\"https:\\\/\\\/podologiaeuskadi.com\\\/wp-content\\\/uploads\\\/2026\\\/03\\\/feet-newborn-baby-hands-grandmother-closeup-scaled.jpg\",\"contentUrl\":\"https:\\\/\\\/podologiaeuskadi.com\\\/wp-content\\\/uploads\\\/2026\\\/03\\\/feet-newborn-baby-hands-grandmother-closeup-scaled.jpg\",\"width\":2560,\"height\":1707,\"caption\":\"Feet of a newborn baby in the wrinkled old hands of a grandmother, close-up.\"},{\"@type\":\"BreadcrumbList\",\"@id\":\"https:\\\/\\\/podologiaeuskadi.com\\\/eu\\\/epeok-egoitzetan-podologia-geriatrikoa-indartzearen-garrantzia-helarazi-dio-bizkaiko-foru-aldundiari\\\/#breadcrumb\",\"itemListElement\":[{\"@type\":\"ListItem\",\"position\":1,\"name\":\"Portada\",\"item\":\"https:\\\/\\\/podologiaeuskadi.com\\\/eu\\\/\"},{\"@type\":\"ListItem\",\"position\":2,\"name\":\"EPEOk egoitzetan podologia geriatrikoa indartzearen garrantzia helarazi dio Bizkaiko Foru Aldundiari\"}]},{\"@type\":\"WebSite\",\"@id\":\"https:\\\/\\\/podologiaeuskadi.com\\\/#website\",\"url\":\"https:\\\/\\\/podologiaeuskadi.com\\\/\",\"name\":\"Colegio Oficial de Pod\u00f3logos del Pa\u00eds Vasco\",\"description\":\"Colegio Oficial de Podolog\u00eda de Pa\u00eds Vasco\",\"publisher\":{\"@id\":\"https:\\\/\\\/podologiaeuskadi.com\\\/#organization\"},\"potentialAction\":[{\"@type\":\"SearchAction\",\"target\":{\"@type\":\"EntryPoint\",\"urlTemplate\":\"https:\\\/\\\/podologiaeuskadi.com\\\/?s={search_term_string}\"},\"query-input\":{\"@type\":\"PropertyValueSpecification\",\"valueRequired\":true,\"valueName\":\"search_term_string\"}}],\"inLanguage\":\"eu-ES\"},{\"@type\":\"Organization\",\"@id\":\"https:\\\/\\\/podologiaeuskadi.com\\\/#organization\",\"name\":\"Colegio Oficial de Pod\u00f3logos del Pa\u00eds Vasco\",\"url\":\"https:\\\/\\\/podologiaeuskadi.com\\\/\",\"logo\":{\"@type\":\"ImageObject\",\"inLanguage\":\"eu-ES\",\"@id\":\"https:\\\/\\\/podologiaeuskadi.com\\\/#\\\/schema\\\/logo\\\/image\\\/\",\"url\":\"https:\\\/\\\/podologiaeuskadi.com\\\/wp-content\\\/uploads\\\/2024\\\/04\\\/240423-col-podologos-2.jpg\",\"contentUrl\":\"https:\\\/\\\/podologiaeuskadi.com\\\/wp-content\\\/uploads\\\/2024\\\/04\\\/240423-col-podologos-2.jpg\",\"width\":1660,\"height\":822,\"caption\":\"Colegio Oficial de Pod\u00f3logos del Pa\u00eds Vasco\"},\"image\":{\"@id\":\"https:\\\/\\\/podologiaeuskadi.com\\\/#\\\/schema\\\/logo\\\/image\\\/\"},\"sameAs\":[\"https:\\\/\\\/www.facebook.com\\\/ColegioPodologosEuskadi\\\/\",\"https:\\\/\\\/x.com\\\/CPodologos\",\"https:\\\/\\\/www.youtube.com\\\/@colegiopodologosdelpaisvas9357\"]},{\"@type\":\"Person\",\"@id\":\"https:\\\/\\\/podologiaeuskadi.com\\\/#\\\/schema\\\/person\\\/1d78605bc1739dd0e1a6712e3ee9df5e\",\"name\":\"Itziar\",\"image\":{\"@type\":\"ImageObject\",\"inLanguage\":\"eu-ES\",\"@id\":\"https:\\\/\\\/secure.gravatar.com\\\/avatar\\\/df06620d5d9f4f2c716236a5da0f69512929d231b1d2d3c95016f3c1d6937f01?s=96&d=mm&r=g\",\"url\":\"https:\\\/\\\/secure.gravatar.com\\\/avatar\\\/df06620d5d9f4f2c716236a5da0f69512929d231b1d2d3c95016f3c1d6937f01?s=96&d=mm&r=g\",\"contentUrl\":\"https:\\\/\\\/secure.gravatar.com\\\/avatar\\\/df06620d5d9f4f2c716236a5da0f69512929d231b1d2d3c95016f3c1d6937f01?s=96&d=mm&r=g\",\"caption\":\"Itziar\"},\"url\":\"https:\\\/\\\/podologiaeuskadi.com\\\/eu\\\/author\\\/coppv-epe\\\/\"}]}<\/script>\n<!-- \/ Yoast SEO plugin. -->","yoast_head_json":{"title":"EPEOk egoitzetan podologia geriatrikoa indartzearen garrantzia helarazi dio Bizkaiko Foru Aldundiari - Colegio Oficial de Podolog\u00eda de Pa\u00eds Vasco","robots":{"index":"index","follow":"follow","max-snippet":"max-snippet:-1","max-image-preview":"max-image-preview:large","max-video-preview":"max-video-preview:-1"},"canonical":"https:\/\/podologiaeuskadi.com\/eu\/epeok-egoitzetan-podologia-geriatrikoa-indartzearen-garrantzia-helarazi-dio-bizkaiko-foru-aldundiari\/","og_locale":"eu_ES","og_type":"article","og_title":"EPEOk egoitzetan podologia geriatrikoa indartzearen garrantzia helarazi dio Bizkaiko Foru Aldundiari - Colegio Oficial de Podolog\u00eda de Pa\u00eds Vasco","og_description":"[vc_row][vc_column][vc_column_text css=&#8221;&#8221;] EPEOk egoitzetan podologia geriatrikoa indartzearen garrantzia helarazi dio Bizkaiko Foru Aldundiari Euskadiko Podologiako Elkargo Ofizialak (EPEO) lan-bilera bat egin zuen martxoaren 10ean Bizkaiko Foru Aldundiko Gizarte Ekintza Saileko Bilboko ordezkariekin, foru-diputatu Amaia Antxustegi, lurraldeko adinekoen egoitza eta zentroetako podologia geriatrikoaren egoera aztertzeko. Bileran, EPEOk Bizkaiko egoitzetako arreta podologikoaren egungo egoera azaldu zuen, eta&hellip;","og_url":"https:\/\/podologiaeuskadi.com\/eu\/epeok-egoitzetan-podologia-geriatrikoa-indartzearen-garrantzia-helarazi-dio-bizkaiko-foru-aldundiari\/","og_site_name":"Colegio Oficial de Podolog\u00eda de Pa\u00eds Vasco","article_publisher":"https:\/\/www.facebook.com\/ColegioPodologosEuskadi\/","article_published_time":"2026-03-13T12:39:47+00:00","article_modified_time":"2026-03-13T12:53:13+00:00","og_image":[{"width":2560,"height":1707,"url":"https:\/\/podologiaeuskadi.com\/wp-content\/uploads\/2026\/03\/feet-newborn-baby-hands-grandmother-closeup-scaled.jpg","type":"image\/jpeg"}],"author":"Itziar","twitter_card":"summary_large_image","twitter_creator":"@CPodologos","twitter_site":"@CPodologos","twitter_misc":{"Written by":"Itziar","Est. reading time":"2 minutes"},"schema":{"@context":"https:\/\/schema.org","@graph":[{"@type":"Article","@id":"https:\/\/podologiaeuskadi.com\/eu\/epeok-egoitzetan-podologia-geriatrikoa-indartzearen-garrantzia-helarazi-dio-bizkaiko-foru-aldundiari\/#article","isPartOf":{"@id":"https:\/\/podologiaeuskadi.com\/eu\/epeok-egoitzetan-podologia-geriatrikoa-indartzearen-garrantzia-helarazi-dio-bizkaiko-foru-aldundiari\/"},"author":{"name":"Itziar","@id":"https:\/\/podologiaeuskadi.com\/#\/schema\/person\/1d78605bc1739dd0e1a6712e3ee9df5e"},"headline":"EPEOk egoitzetan podologia geriatrikoa indartzearen garrantzia helarazi dio Bizkaiko Foru Aldundiari","datePublished":"2026-03-13T12:39:47+00:00","dateModified":"2026-03-13T12:53:13+00:00","mainEntityOfPage":{"@id":"https:\/\/podologiaeuskadi.com\/eu\/epeok-egoitzetan-podologia-geriatrikoa-indartzearen-garrantzia-helarazi-dio-bizkaiko-foru-aldundiari\/"},"wordCount":220,"publisher":{"@id":"https:\/\/podologiaeuskadi.com\/#organization"},"image":{"@id":"https:\/\/podologiaeuskadi.com\/eu\/epeok-egoitzetan-podologia-geriatrikoa-indartzearen-garrantzia-helarazi-dio-bizkaiko-foru-aldundiari\/#primaryimage"},"thumbnailUrl":"https:\/\/podologiaeuskadi.com\/wp-content\/uploads\/2026\/03\/feet-newborn-baby-hands-grandmother-closeup-scaled.jpg","articleSection":["Dibulgazioa"],"inLanguage":"eu-ES"},{"@type":"WebPage","@id":"https:\/\/podologiaeuskadi.com\/eu\/epeok-egoitzetan-podologia-geriatrikoa-indartzearen-garrantzia-helarazi-dio-bizkaiko-foru-aldundiari\/","url":"https:\/\/podologiaeuskadi.com\/eu\/epeok-egoitzetan-podologia-geriatrikoa-indartzearen-garrantzia-helarazi-dio-bizkaiko-foru-aldundiari\/","name":"EPEOk egoitzetan podologia geriatrikoa indartzearen garrantzia helarazi dio Bizkaiko Foru Aldundiari - Colegio Oficial de Podolog\u00eda de Pa\u00eds Vasco","isPartOf":{"@id":"https:\/\/podologiaeuskadi.com\/#website"},"primaryImageOfPage":{"@id":"https:\/\/podologiaeuskadi.com\/eu\/epeok-egoitzetan-podologia-geriatrikoa-indartzearen-garrantzia-helarazi-dio-bizkaiko-foru-aldundiari\/#primaryimage"},"image":{"@id":"https:\/\/podologiaeuskadi.com\/eu\/epeok-egoitzetan-podologia-geriatrikoa-indartzearen-garrantzia-helarazi-dio-bizkaiko-foru-aldundiari\/#primaryimage"},"thumbnailUrl":"https:\/\/podologiaeuskadi.com\/wp-content\/uploads\/2026\/03\/feet-newborn-baby-hands-grandmother-closeup-scaled.jpg","datePublished":"2026-03-13T12:39:47+00:00","dateModified":"2026-03-13T12:53:13+00:00","breadcrumb":{"@id":"https:\/\/podologiaeuskadi.com\/eu\/epeok-egoitzetan-podologia-geriatrikoa-indartzearen-garrantzia-helarazi-dio-bizkaiko-foru-aldundiari\/#breadcrumb"},"inLanguage":"eu-ES","potentialAction":[{"@type":"ReadAction","target":["https:\/\/podologiaeuskadi.com\/eu\/epeok-egoitzetan-podologia-geriatrikoa-indartzearen-garrantzia-helarazi-dio-bizkaiko-foru-aldundiari\/"]}]},{"@type":"ImageObject","inLanguage":"eu-ES","@id":"https:\/\/podologiaeuskadi.com\/eu\/epeok-egoitzetan-podologia-geriatrikoa-indartzearen-garrantzia-helarazi-dio-bizkaiko-foru-aldundiari\/#primaryimage","url":"https:\/\/podologiaeuskadi.com\/wp-content\/uploads\/2026\/03\/feet-newborn-baby-hands-grandmother-closeup-scaled.jpg","contentUrl":"https:\/\/podologiaeuskadi.com\/wp-content\/uploads\/2026\/03\/feet-newborn-baby-hands-grandmother-closeup-scaled.jpg","width":2560,"height":1707,"caption":"Feet of a newborn baby in the wrinkled old hands of a grandmother, close-up."},{"@type":"BreadcrumbList","@id":"https:\/\/podologiaeuskadi.com\/eu\/epeok-egoitzetan-podologia-geriatrikoa-indartzearen-garrantzia-helarazi-dio-bizkaiko-foru-aldundiari\/#breadcrumb","itemListElement":[{"@type":"ListItem","position":1,"name":"Portada","item":"https:\/\/podologiaeuskadi.com\/eu\/"},{"@type":"ListItem","position":2,"name":"EPEOk egoitzetan podologia geriatrikoa indartzearen garrantzia helarazi dio Bizkaiko Foru Aldundiari"}]},{"@type":"WebSite","@id":"https:\/\/podologiaeuskadi.com\/#website","url":"https:\/\/podologiaeuskadi.com\/","name":"Colegio Oficial de Pod\u00f3logos del Pa\u00eds Vasco","description":"Colegio Oficial de Podolog\u00eda de Pa\u00eds Vasco","publisher":{"@id":"https:\/\/podologiaeuskadi.com\/#organization"},"potentialAction":[{"@type":"SearchAction","target":{"@type":"EntryPoint","urlTemplate":"https:\/\/podologiaeuskadi.com\/?s={search_term_string}"},"query-input":{"@type":"PropertyValueSpecification","valueRequired":true,"valueName":"search_term_string"}}],"inLanguage":"eu-ES"},{"@type":"Organization","@id":"https:\/\/podologiaeuskadi.com\/#organization","name":"Colegio Oficial de Pod\u00f3logos del Pa\u00eds Vasco","url":"https:\/\/podologiaeuskadi.com\/","logo":{"@type":"ImageObject","inLanguage":"eu-ES","@id":"https:\/\/podologiaeuskadi.com\/#\/schema\/logo\/image\/","url":"https:\/\/podologiaeuskadi.com\/wp-content\/uploads\/2024\/04\/240423-col-podologos-2.jpg","contentUrl":"https:\/\/podologiaeuskadi.com\/wp-content\/uploads\/2024\/04\/240423-col-podologos-2.jpg","width":1660,"height":822,"caption":"Colegio Oficial de Pod\u00f3logos del Pa\u00eds Vasco"},"image":{"@id":"https:\/\/podologiaeuskadi.com\/#\/schema\/logo\/image\/"},"sameAs":["https:\/\/www.facebook.com\/ColegioPodologosEuskadi\/","https:\/\/x.com\/CPodologos","https:\/\/www.youtube.com\/@colegiopodologosdelpaisvas9357"]},{"@type":"Person","@id":"https:\/\/podologiaeuskadi.com\/#\/schema\/person\/1d78605bc1739dd0e1a6712e3ee9df5e","name":"Itziar","image":{"@type":"ImageObject","inLanguage":"eu-ES","@id":"https:\/\/secure.gravatar.com\/avatar\/df06620d5d9f4f2c716236a5da0f69512929d231b1d2d3c95016f3c1d6937f01?s=96&d=mm&r=g","url":"https:\/\/secure.gravatar.com\/avatar\/df06620d5d9f4f2c716236a5da0f69512929d231b1d2d3c95016f3c1d6937f01?s=96&d=mm&r=g","contentUrl":"https:\/\/secure.gravatar.com\/avatar\/df06620d5d9f4f2c716236a5da0f69512929d231b1d2d3c95016f3c1d6937f01?s=96&d=mm&r=g","caption":"Itziar"},"url":"https:\/\/podologiaeuskadi.com\/eu\/author\/coppv-epe\/"}]}},"_links":{"self":[{"href":"https:\/\/podologiaeuskadi.com\/eu\/wp-json\/wp\/v2\/posts\/22680","targetHints":{"allow":["GET"]}}],"collection":[{"href":"https:\/\/podologiaeuskadi.com\/eu\/wp-json\/wp\/v2\/posts"}],"about":[{"href":"https:\/\/podologiaeuskadi.com\/eu\/wp-json\/wp\/v2\/types\/post"}],"author":[{"embeddable":true,"href":"https:\/\/podologiaeuskadi.com\/eu\/wp-json\/wp\/v2\/users\/2798"}],"replies":[{"embeddable":true,"href":"https:\/\/podologiaeuskadi.com\/eu\/wp-json\/wp\/v2\/comments?post=22680"}],"version-history":[{"count":5,"href":"https:\/\/podologiaeuskadi.com\/eu\/wp-json\/wp\/v2\/posts\/22680\/revisions"}],"predecessor-version":[{"id":22693,"href":"https:\/\/podologiaeuskadi.com\/eu\/wp-json\/wp\/v2\/posts\/22680\/revisions\/22693"}],"wp:featuredmedia":[{"embeddable":true,"href":"https:\/\/podologiaeuskadi.com\/eu\/wp-json\/wp\/v2\/media\/22678"}],"wp:attachment":[{"href":"https:\/\/podologiaeuskadi.com\/eu\/wp-json\/wp\/v2\/media?parent=22680"}],"wp:term":[{"taxonomy":"category","embeddable":true,"href":"https:\/\/podologiaeuskadi.com\/eu\/wp-json\/wp\/v2\/categories?post=22680"},{"taxonomy":"post_tag","embeddable":true,"href":"https:\/\/podologiaeuskadi.com\/eu\/wp-json\/wp\/v2\/tags?post=22680"}],"curies":[{"name":"wp","href":"https:\/\/api.w.org\/{rel}","templated":true}]}}